{"id":47365,"date":"2024-09-27T14:20:42","date_gmt":"2024-09-27T12:20:42","guid":{"rendered":"https:\/\/sajam.rs\/?p=47365"},"modified":"2024-10-02T10:55:02","modified_gmt":"2024-10-02T08:55:02","slug":"the-67th-international-book-fair-is-announced","status":"publish","type":"post","link":"https:\/\/sajam.rs\/en\/the-67th-international-book-fair-is-announced\/","title":{"rendered":"The 67<sup>th<\/sup> International Book Fair Is Announced"},"content":{"rendered":"<p>On the occasion of the 67<sup>th<\/sup> International Belgrade Book Fair, which will take place from 19 to 27 October 2024, at the Belgrade Fair, a press conference was held, where the following speakers addressed the audience<!--more-->:<\/p>\n<ul>\n<li>Nata\u0161a Mihailovi\u0107 Vaci\u0107, Secretary of the Secretariat for Culture of the City of Belgrade<\/li>\n<li>Academician Du\u0161an Kova\u010devi\u0107, Chairman of the International Belgrade Book Fair Committee<\/li>\n<li>Ljiljana \u0160o\u0161ki\u0107, Project Coordinator, Belgrade Fair<\/li>\n<li>H.E. Lejde E. Rodrigues Hernandes, Ambassador of the Republic of Cuba in Belgrade<\/li>\n<li>Sanja Mili\u0107, Artistic Director of the International Belgrade Book Fair<\/li>\n<\/ul>\n<p>Nata\u0161a Mihailovi\u0107 Vaci\u0107 emphasized that another book fair is ahead of us, which always represents a certain transformation of society and reflects the challenges of the times we live in. She reminded everyone of the importance of literature and the spiritual values that books open up for us, as well as the initiation of dialogue with others, which motivates and inspires, and concluded that literature is a beacon of thought.<\/p>\n<p>Du\u0161an Kova\u010devi\u0107 noted that the book fair is one of the most significant cultural events and that there is great interest in the event this year from both exhibitors and the public. He shared that he is personally emotionally very attached to the book fair, cherishing beautiful memories of it since childhood.<\/p>\n<p>The fair will last, as in previous years, for nine days and will host more than twenty meetings with authors from the region and the world. In the shadow of the wars being fought, the book fair is a bright spot of civilization, concluded Kova\u010devi\u0107.<\/p>\n<p>Ljiljana \u0160o\u0161ki\u0107 reminded that this event is of exceptional importance for the city, as it is the most significant, most visited, and most beloved fair, which again requires an exceptionally complex organization and a high professional level of the organizer&#8217;s work. The ceremonial opening of the event will take place on Saturday, October 18, at 6 PM. The interest from exhibitors this year is greater than last year, \u0160o\u0161ki\u0107 emphasized.<\/p>\n<p>H.E. Lejde E. Rodrigues Hernandes, Ambassador of the Republic of Cuba in Belgrade, thanked the Ministry of Culture and the event organizers for the honor bestowed upon his country. Cuba&#8217;s participation speaks to the traditionally friendly relations between Serbia and Cuba. Books are extremely important in the lives of Cubans and all people in general, and reading is given great importance. In Cuba, the book fair is a national holiday. The Cuban delegation in Belgrade will include the Minister of Culture, writers, poets, artists, journalists, and publishers, and during the event, books translated into Serbian will be presented, stated the ambassador.<\/p>\n<p>Sanja Mili\u0107, the artistic director of the International Belgrade Book Fair, expressed her satisfaction for Cuba being the guest of honour, which will give the local audience the opportunity to familiarize with Cuban literature. The program of the book fair is exceptionally rich, and our foreign guests are: Toni Parsons (United Kingdom), Nata\u0161a Rogelja (Slovenia), and David Unger (Guatemala, USA). Children&#8217;s programs will take place in the Jovan Jovanovi\u0107 Zmaj hall, where poet Ljubivoje R\u0161umovi\u0107 will hold a workshop on how to write a poem, and in the Ivo Andri\u0107 hall, there will be programs in honor of the prematurely deceased writer Goran Petrovi\u0107, said Sanja Mili\u0107.<\/p>\n<p>As in all previous decades, this October too, visitors to the Belgrade Fair will enter the magical world of literature.<\/p>\n","protected":false},"excerpt":{"rendered":"<p>On the occasion of the 67th International Belgrade Book Fair, which will take place from 19 to 27 October 2024, at the Belgrade Fair, a press conference was held, where the following speakers addressed the audience<\/p>\n","protected":false},"author":1,"featured_media":47315,"comment_status":"closed","ping_status":"closed","sticky":false,"template":"","format":"standard","meta":{"footnotes":""},"categories":[281],"tags":[],"class_list":["post-47365","post","type-post","status-publish","format-standard","has-post-thumbnail","hentry","category-book-fair"],"_links":{"self":[{"href":"https:\/\/sajam.rs\/en\/wp-json\/wp\/v2\/posts\/47365","targetHints":{"allow":["GET"]}}],"collection":[{"href":"https:\/\/sajam.rs\/en\/wp-json\/wp\/v2\/posts"}],"about":[{"href":"https:\/\/sajam.rs\/en\/wp-json\/wp\/v2\/types\/post"}],"author":[{"embeddable":true,"href":"https:\/\/sajam.rs\/en\/wp-json\/wp\/v2\/users\/1"}],"replies":[{"embeddable":true,"href":"https:\/\/sajam.rs\/en\/wp-json\/wp\/v2\/comments?post=47365"}],"version-history":[{"count":1,"href":"https:\/\/sajam.rs\/en\/wp-json\/wp\/v2\/posts\/47365\/revisions"}],"predecessor-version":[{"id":47366,"href":"https:\/\/sajam.rs\/en\/wp-json\/wp\/v2\/posts\/47365\/revisions\/47366"}],"wp:featuredmedia":[{"embeddable":true,"href":"https:\/\/sajam.rs\/en\/wp-json\/wp\/v2\/media\/47315"}],"wp:attachment":[{"href":"https:\/\/sajam.rs\/en\/wp-json\/wp\/v2\/media?parent=47365"}],"wp:term":[{"taxonomy":"category","embeddable":true,"href":"https:\/\/sajam.rs\/en\/wp-json\/wp\/v2\/categories?post=47365"},{"taxonomy":"post_tag","embeddable":true,"href":"https:\/\/sajam.rs\/en\/wp-json\/wp\/v2\/tags?post=47365"}],"curies":[{"name":"wp","href":"https:\/\/api.w.org\/{rel}","templated":true}]}}