{"id":47282,"date":"2024-09-18T12:51:32","date_gmt":"2024-09-18T10:51:32","guid":{"rendered":"https:\/\/sajam.rs\/?p=47282"},"modified":"2024-09-20T15:46:32","modified_gmt":"2024-09-20T13:46:32","slug":"grafima-2024-officially-opened","status":"publish","type":"post","link":"https:\/\/sajam.rs\/en\/grafima-2024-officially-opened\/","title":{"rendered":"Grafima 2024 officially opened"},"content":{"rendered":"<div class=\"fusion-fullwidth fullwidth-box fusion-builder-row-1 fusion-flex-container nonhundred-percent-fullwidth non-hundred-percent-height-scrolling\" style=\"--awb-border-radius-top-left:0px;--awb-border-radius-top-right:0px;--awb-border-radius-bottom-right:0px;--awb-border-radius-bottom-left:0px;--awb-flex-wrap:wrap;\" ><div class=\"fusion-builder-row fusion-row fusion-flex-align-items-flex-start fusion-flex-content-wrap\" style=\"max-width:1456px;margin-left: calc(-4% \/ 2 );margin-right: calc(-4% \/ 2 );\"><div class=\"fusion-layout-column fusion_builder_column fusion-builder-column-0 fusion_builder_column_1_1 1_1 fusion-flex-column\" style=\"--awb-bg-size:cover;--awb-width-large:100%;--awb-margin-top-large:0px;--awb-spacing-right-large:1.92%;--awb-margin-bottom-large:0px;--awb-spacing-left-large:1.92%;--awb-width-medium:100%;--awb-spacing-right-medium:1.92%;--awb-spacing-left-medium:1.92%;--awb-width-small:100%;--awb-spacing-right-small:1.92%;--awb-spacing-left-small:1.92%;\"><div class=\"fusion-column-wrapper fusion-flex-justify-content-flex-start fusion-content-layout-column\"><div class=\"fusion-text fusion-text-1\"><p><strong>The 44<sup>th<\/sup> International Graphic, Paper and Creative Industry Fair Grafima<\/strong> was officially opened on Wednesday, 18<sup>th<\/sup> September in Hall 4 of the Belgrade Fair. At the same time, the 30<sup>th<\/sup> International Fair of Bureau Equipment and Supplies &#8211; BIROEXPO and the 3<sup>rd<\/sup> Packaging Fair &#8211; PAK AM started working in the same space.<\/p>\n<p>Under the slogan \u201c<strong>More Colors<\/strong>\u201d, this oldest and largest regional fair event intended to promote technological achievements in the graphic industry, publishing, printed media, production, finishing and processing of paper, design and advertising industry, gathered about 70 exhibitors of different profiles from ten countries.<!--more--><\/p>\n<\/div><div class=\"fusion-image-element \" style=\"--awb-caption-title-font-family:var(--h2_typography-font-family);--awb-caption-title-font-weight:var(--h2_typography-font-weight);--awb-caption-title-font-style:var(--h2_typography-font-style);--awb-caption-title-size:var(--h2_typography-font-size);--awb-caption-title-transform:var(--h2_typography-text-transform);--awb-caption-title-line-height:var(--h2_typography-line-height);--awb-caption-title-letter-spacing:var(--h2_typography-letter-spacing);\"><span class=\" fusion-imageframe imageframe-none imageframe-1 hover-type-none\"><a href=\"https:\/\/sajam.rs\/wp-content\/uploads\/grafima2024_7954.jpg\" class=\"fusion-lightbox\" data-rel=\"iLightbox[grafima2024-1]\" data-caption=\"Regina Vilhelm, menad\u017eer za komunikacije i \u017eivotnu sredinu kompanije Brother\" data-title=\"grafima2024_7954\" title=\"grafima2024_7954\"><img decoding=\"async\" width=\"1280\" height=\"853\" src=\"https:\/\/sajam.rs\/wp-content\/uploads\/grafima2024_7954.jpg\" data-orig-src=\"https:\/\/sajam.rs\/wp-content\/uploads\/grafima2024_7954.jpg\" alt class=\"lazyload img-responsive wp-image-47253\" srcset=\"data:image\/svg+xml,%3Csvg%20xmlns%3D%27http%3A%2F%2Fwww.w3.org%2F2000%2Fsvg%27%20width%3D%271280%27%20height%3D%27853%27%20viewBox%3D%270%200%201280%20853%27%3E%3Crect%20width%3D%271280%27%20height%3D%27853%27%20fill-opacity%3D%220%22%2F%3E%3C%2Fsvg%3E\" data-srcset=\"https:\/\/sajam.rs\/wp-content\/uploads\/grafima2024_7954-200x133.jpg 200w, https:\/\/sajam.rs\/wp-content\/uploads\/grafima2024_7954-400x267.jpg 400w, https:\/\/sajam.rs\/wp-content\/uploads\/grafima2024_7954-600x400.jpg 600w, https:\/\/sajam.rs\/wp-content\/uploads\/grafima2024_7954-800x533.jpg 800w, https:\/\/sajam.rs\/wp-content\/uploads\/grafima2024_7954-1200x800.jpg 1200w, https:\/\/sajam.rs\/wp-content\/uploads\/grafima2024_7954.jpg 1280w\" data-sizes=\"auto\" data-orig-sizes=\"(max-width: 1024px) 100vw, (max-width: 640px) 100vw, 1280px\" \/><\/a><\/span><\/div><div class=\"fusion-text fusion-text-2\"><p><strong>On behalf of the hosts of the event, the company Difol and Brother, the opening ceremony of Grafima was attended by Regina Wilhelm, Communications and Environment Manager, and Cesare Gallo, Sales Director of the company Brother Internationale Industriemaschinen, and \u0110or\u0111e Luki\u0107, Executive Director of the company Difol, and Oliver Lepori, Executive Director of the Japanese Business Alliance in Serbia.<\/strong><\/p>\n<p>Addressing the audience, <strong>Regina Wilhelm<\/strong> noted that Grafima has positioned itself over the years as a place that promotes innovative technologies and solutions in the fields it deals with. \u201cGrafima is focused on the quality and needs of its clients, and at the same time it provides all of us with the opportunity to expand our knowledge together, to find new clients and develop our business\u201d.<\/p>\n<\/div><div class=\"fusion-image-element \" style=\"--awb-caption-title-font-family:var(--h2_typography-font-family);--awb-caption-title-font-weight:var(--h2_typography-font-weight);--awb-caption-title-font-style:var(--h2_typography-font-style);--awb-caption-title-size:var(--h2_typography-font-size);--awb-caption-title-transform:var(--h2_typography-text-transform);--awb-caption-title-line-height:var(--h2_typography-line-height);--awb-caption-title-letter-spacing:var(--h2_typography-letter-spacing);\"><span class=\" fusion-imageframe imageframe-none imageframe-2 hover-type-none\"><a href=\"https:\/\/sajam.rs\/wp-content\/uploads\/grafima2024_7933.jpg\" class=\"fusion-lightbox\" data-rel=\"iLightbox[grafima2024-1]\" data-caption=\"\u0110or\u0111e Luki\u0107, izvr\u0161ni direktor kompanije Difol\" data-title=\"grafima2024_7933\" title=\"grafima2024_7933\"><img decoding=\"async\" width=\"1280\" height=\"853\" src=\"https:\/\/sajam.rs\/wp-content\/uploads\/grafima2024_7933.jpg\" data-orig-src=\"https:\/\/sajam.rs\/wp-content\/uploads\/grafima2024_7933.jpg\" alt class=\"lazyload img-responsive wp-image-47247\" srcset=\"data:image\/svg+xml,%3Csvg%20xmlns%3D%27http%3A%2F%2Fwww.w3.org%2F2000%2Fsvg%27%20width%3D%271280%27%20height%3D%27853%27%20viewBox%3D%270%200%201280%20853%27%3E%3Crect%20width%3D%271280%27%20height%3D%27853%27%20fill-opacity%3D%220%22%2F%3E%3C%2Fsvg%3E\" data-srcset=\"https:\/\/sajam.rs\/wp-content\/uploads\/grafima2024_7933-200x133.jpg 200w, https:\/\/sajam.rs\/wp-content\/uploads\/grafima2024_7933-400x267.jpg 400w, https:\/\/sajam.rs\/wp-content\/uploads\/grafima2024_7933-600x400.jpg 600w, https:\/\/sajam.rs\/wp-content\/uploads\/grafima2024_7933-800x533.jpg 800w, https:\/\/sajam.rs\/wp-content\/uploads\/grafima2024_7933-1200x800.jpg 1200w, https:\/\/sajam.rs\/wp-content\/uploads\/grafima2024_7933.jpg 1280w\" data-sizes=\"auto\" data-orig-sizes=\"(max-width: 1024px) 100vw, (max-width: 640px) 100vw, 1280px\" \/><\/a><\/span><\/div><div class=\"fusion-text fusion-text-3\"><p><strong>\u0110or\u0111e Luki\u0107<\/strong> pointed to the fact that Difol has become one of the leaders in this industry and a reputable promoter of several global brands. From the company\u2019s product range, he particularly recommended machines for printing on textiles, large-format printing and advertising material printing, which visitors could also see at the company\u2019s stand.<\/p>\n<p><strong>Oliver Lepori<\/strong> reminded of the importance of this fair platform for strengthening business and cultural ties between Serbia and Japan. He emphasized that Japan, as the epicenter of technological innovation, recognized Serbia as a valuable partner.<\/p>\n<\/div><div class=\"fusion-image-element \" style=\"--awb-caption-title-font-family:var(--h2_typography-font-family);--awb-caption-title-font-weight:var(--h2_typography-font-weight);--awb-caption-title-font-style:var(--h2_typography-font-style);--awb-caption-title-size:var(--h2_typography-font-size);--awb-caption-title-transform:var(--h2_typography-text-transform);--awb-caption-title-line-height:var(--h2_typography-line-height);--awb-caption-title-letter-spacing:var(--h2_typography-letter-spacing);\"><span class=\" fusion-imageframe imageframe-none imageframe-3 hover-type-none\"><a href=\"https:\/\/sajam.rs\/wp-content\/uploads\/grafima2024_7939.jpg\" class=\"fusion-lightbox\" data-rel=\"iLightbox[grafima2024-1]\" data-caption=\"Oliver Lepori, izvr\u0161ni direktor Japanske poslovne alijanse u Srbiji\" data-title=\"grafima2024_7939\" title=\"grafima2024_7939\"><img decoding=\"async\" width=\"1280\" height=\"853\" src=\"https:\/\/sajam.rs\/wp-content\/uploads\/grafima2024_7939.jpg\" data-orig-src=\"https:\/\/sajam.rs\/wp-content\/uploads\/grafima2024_7939.jpg\" alt class=\"lazyload img-responsive wp-image-47250\" srcset=\"data:image\/svg+xml,%3Csvg%20xmlns%3D%27http%3A%2F%2Fwww.w3.org%2F2000%2Fsvg%27%20width%3D%271280%27%20height%3D%27853%27%20viewBox%3D%270%200%201280%20853%27%3E%3Crect%20width%3D%271280%27%20height%3D%27853%27%20fill-opacity%3D%220%22%2F%3E%3C%2Fsvg%3E\" data-srcset=\"https:\/\/sajam.rs\/wp-content\/uploads\/grafima2024_7939-200x133.jpg 200w, https:\/\/sajam.rs\/wp-content\/uploads\/grafima2024_7939-400x267.jpg 400w, https:\/\/sajam.rs\/wp-content\/uploads\/grafima2024_7939-600x400.jpg 600w, https:\/\/sajam.rs\/wp-content\/uploads\/grafima2024_7939-800x533.jpg 800w, https:\/\/sajam.rs\/wp-content\/uploads\/grafima2024_7939-1200x800.jpg 1200w, https:\/\/sajam.rs\/wp-content\/uploads\/grafima2024_7939.jpg 1280w\" data-sizes=\"auto\" data-orig-sizes=\"(max-width: 1024px) 100vw, (max-width: 640px) 100vw, 1280px\" \/><\/a><\/span><\/div><div class=\"fusion-text fusion-text-4\"><p><strong>The Grafima\u2019s fair offer contains a rich selection of graphic machines and devices, which support a wide range of printing, design and creative needs, including digital printers, such as large-format printers (designed for printing on large formats of paper, foil, banners, posters and other large media, with advanced technologies such as solvent, latex or UV-LED inkjet printers); offset printers; screen printing machines; finishing machines (foilers, bending machines, punching machines, laminators&#8230;); digital cutting systems and perforators (including those that combine laser or plotter cutting with sophisticated software for design and automatic control); label printers; digital printers for textiles; 3D printers; plasticizing machines; bending and stapling machines etc.<\/strong><\/p>\n<p>A significant part of the fair is dedicated to software solutions that include programs for graphic design, image processing, 3D modeling, animation and other creative tools. Presentations of design services are not rare either, ranging from graphic design, through branding and marketing, to web design and multimedia content.<\/p>\n<p>One of Grafima\u2019s missions is to present global trends, which in recent years indicate significant progress in <strong>digitization and automation of processes<\/strong>, as well as an increasing focus on personalization and sustainability. Perhaps the most striking trend is the rise of <strong>digital printing<\/strong>, which enables highly customizable, small-batch products with fast delivery times, which is particularly important in sectors such as packaging and personalized promotion. In addition, <strong>3D printing<\/strong> continues to grow, enabling the creation of complex shapes and structures that were previously impossible to manufacture, revolutionizing industries such as fashion, medicine or architecture. Software tools are becoming increasingly advanced, with a special emphasis on <strong>automation and robotics, and artificial intelligence and machine learning (AI)<\/strong>, which are becoming inviolable in optimizing design processes, automating repetitive tasks, analyzing data, adapting marketing campaigns and generally improving the user experience. <strong>Virtual and augmented reality (VR\/AR)<\/strong> are becoming increasingly important tools in the creative industries, providing new opportunities above all for interactive user experiences, especially in areas such as education, entertainment and marketing. <strong>Inkjet technology, high-resolution image processing, hybrid printing<\/strong> are also on the rise. <strong>Environmental sustainability<\/strong> is becoming a central aspect in all segments of the graphic industry, with the development of new materials and technologies that reduce the ecological footprint of production processes. Grafima strives to show that the future of the graphic industry lies in <strong>smart production and Internet of Things (IoT), Cloud computing<\/strong> and collaborative tools, <strong>blockchain technology<\/strong>, adaptive design (enables the creation of content that automatically adapts to different devices and screens, improving the user experience).<\/p>\n<p>The emphasis of the professional and supporting program is on <strong>printing technology, graphic design and advertising material<\/strong>. The framework plan of this part of the event is given below.<\/p>\n<p><strong><u>WEDNESDAY, 18<sup>th<\/sup> SEPTEMBER<\/u><\/strong><\/p>\n<p><strong>12:30 &#8211; 13:15 REDESIGN OF VISUAL IDENTITY<\/strong><\/p>\n<p>Lecturers: Dr Karolina Mudrinski, Sibila Petenji Arbutina, MSc and Sr\u0111an Dimitrov, MSc<\/p>\n<p>Organized by the Higher Education Technical School of Vocational Studies from Novi Sad<\/p>\n<p><strong>13:30 &#8211; 14:00 INFLUENCE OF ENVIRONMENTAL TEMPERATURE ON THE REVERSIBLE PROPERTIES OF THERMOCHROMIC PAINTS<\/strong><\/p>\n<p>Lecturer: Katarina Mari\u010di\u0107<\/p>\n<p>Organized by the Faculty of Technical Sciences, Novi Sad<\/p>\n<p><strong>14:30 &#8211; 15:00 CHANGES IN THE TEXTILE INDUSTRY &#8211; SUSTAINABILITY AND INDUSTRIAL PRINT<\/strong><\/p>\n<p>Lecturer: Regina Wilhelm<\/p>\n<p>Organized by Brother internationale industriemaschinen, Dusseldorfer<\/p>\n<p><strong>15:15 \u2013 16:45 APPLICATION OF THE NEW VISUAL IDENTITY TO BUSINESS DOCUMENTATION &#8211; PRINTING (EXAMPLES)<\/strong><\/p>\n<p>Lecturers: Sibila Petenji, MSc and Sr\u0111an Dimitrov, MSc<\/p>\n<p>Organized by the Higher Education Technical School of Vocational Studies, Novi Sad<\/p>\n<p><strong><u>THURSDAY, 19<sup>th <\/sup>SEPTEMBER<\/u><\/strong><\/p>\n<p><strong>12:00 &#8211; 12:45 LASER IN COMBINATION WITH THE PRINTING INDUSTRY, IN A SMART WAY<\/strong><\/p>\n<p>Lecturer: Anna Avdeeva from Gravotech Marking, France<\/p>\n<p><strong>13:15 &#8211; 13:45 THE INFLUENCE OF VISUAL SEARCH OF COLOR HARMONY WHEN PERFORMING THE ON-SCREEN VISUAL SEARCH TASKS<\/strong><\/p>\n<p>Lecturer: Nada Miketi\u0107<\/p>\n<p>Organized by the Faculty of Technical Sciences, Novi Sad<\/p>\n<p><strong><u>FRIDAY, 20<sup>th<\/sup> SEPTEMBER<\/u><\/strong><\/p>\n<p><strong>11:00 \u2013 11:30 A NEW WAY OF CHOOSING THE RIGHT PRINTING MEDIA<\/strong><\/p>\n<p>Lecturer: Nikola Landoni<\/p>\n<p>Company: Guandong, China<\/p>\n<p><strong>12:00 &#8211; 12:30 FROM PSYCHOLOGICAL PHENOMENA TO MONETIZATION OF SCREEN PIXELS<\/strong><\/p>\n<p>Lecturer: Jelena Kerac<\/p>\n<p>Organized by the Faculty of Technical Sciences, Novi Sad<\/p>\n<p><strong>14:00 &#8211; 15:00<\/strong><\/p>\n<p><strong>AWARD CEREMONY<\/strong><\/p>\n<p>The highest quality graphic products in different categories, i.e. product groups can expect symbolic awards &#8211;<strong> Gold, Silver, and Bronze Seals. <\/strong>The award ceremony is planned to be held on Friday, 20<sup>th<\/sup> September.<\/p>\n<p><strong>SERVICE INFORMATION<\/strong><\/p>\n<p><strong>The working hours of the GRAFIMA, BIRO-EXPO and PAK-AM fairs on 18<sup>th<\/sup> and 19<sup>th<\/sup> September are from 10 a.m. to 6 p.m., and on 20<sup>th<\/sup> September from 10 a.m. to 5 p.m.<\/strong><\/p>\n<p><strong>Individual tickets cost 500 dinars, group tickets 350 dinars, group tickets for pupils and students enrolled in vocational schools cost 250 dinars, visitors registered through the B2B portal enter free of charge, and parking for cars in the fair area is 200 dinars per hour.<\/strong><\/p>\n<\/div><\/div><\/div><\/div><\/div>\n","protected":false},"excerpt":{"rendered":"<p>The 44th International Graphic, Paper and Creative Industry Fair Grafima was officially opened on Wednesday, 18th September in Hall 4 of the Belgrade Fair. At the same time, the 30th International Fair of Bureau Equipment and Supplies &#8211; BIROEXPO and the 3rd Packaging Fair &#8211; PAK AM started working in the same space. Under the slogan \u201cMore Colors\u201d, this oldest<\/p>\n","protected":false},"author":1,"featured_media":47259,"comment_status":"closed","ping_status":"closed","sticky":false,"template":"","format":"standard","meta":{"footnotes":""},"categories":[228,261,1129],"tags":[],"class_list":["post-47282","post","type-post","status-publish","format-standard","has-post-thumbnail","hentry","category-biroexpo-news","category-grafima-news","category-1129"],"_links":{"self":[{"href":"https:\/\/sajam.rs\/en\/wp-json\/wp\/v2\/posts\/47282","targetHints":{"allow":["GET"]}}],"collection":[{"href":"https:\/\/sajam.rs\/en\/wp-json\/wp\/v2\/posts"}],"about":[{"href":"https:\/\/sajam.rs\/en\/wp-json\/wp\/v2\/types\/post"}],"author":[{"embeddable":true,"href":"https:\/\/sajam.rs\/en\/wp-json\/wp\/v2\/users\/1"}],"replies":[{"embeddable":true,"href":"https:\/\/sajam.rs\/en\/wp-json\/wp\/v2\/comments?post=47282"}],"version-history":[{"count":4,"href":"https:\/\/sajam.rs\/en\/wp-json\/wp\/v2\/posts\/47282\/revisions"}],"predecessor-version":[{"id":47286,"href":"https:\/\/sajam.rs\/en\/wp-json\/wp\/v2\/posts\/47282\/revisions\/47286"}],"wp:featuredmedia":[{"embeddable":true,"href":"https:\/\/sajam.rs\/en\/wp-json\/wp\/v2\/media\/47259"}],"wp:attachment":[{"href":"https:\/\/sajam.rs\/en\/wp-json\/wp\/v2\/media?parent=47282"}],"wp:term":[{"taxonomy":"category","embeddable":true,"href":"https:\/\/sajam.rs\/en\/wp-json\/wp\/v2\/categories?post=47282"},{"taxonomy":"post_tag","embeddable":true,"href":"https:\/\/sajam.rs\/en\/wp-json\/wp\/v2\/tags?post=47282"}],"curies":[{"name":"wp","href":"https:\/\/api.w.org\/{rel}","templated":true}]}}