{"id":44748,"date":"2023-11-29T13:13:09","date_gmt":"2023-11-29T12:13:09","guid":{"rendered":"https:\/\/sajam.rs\/?p=44748"},"modified":"2023-12-18T09:15:34","modified_gmt":"2023-12-18T08:15:34","slug":"17-fair-of-ethnic-food-and-drinks","status":"publish","type":"post","link":"https:\/\/sajam.rs\/en\/17-fair-of-ethnic-food-and-drinks\/","title":{"rendered":"17. Fair of Ethnic Food and Drinks"},"content":{"rendered":"<div class=\"fusion-fullwidth fullwidth-box fusion-builder-row-1 fusion-flex-container nonhundred-percent-fullwidth non-hundred-percent-height-scrolling\" style=\"--awb-border-radius-top-left:0px;--awb-border-radius-top-right:0px;--awb-border-radius-bottom-right:0px;--awb-border-radius-bottom-left:0px;--awb-flex-wrap:wrap;\" ><div class=\"fusion-builder-row fusion-row fusion-flex-align-items-flex-start fusion-flex-content-wrap\" style=\"max-width:1456px;margin-left: calc(-4% \/ 2 );margin-right: calc(-4% \/ 2 );\"><div class=\"fusion-layout-column fusion_builder_column fusion-builder-column-0 fusion_builder_column_1_1 1_1 fusion-flex-column\" style=\"--awb-bg-size:cover;--awb-width-large:100%;--awb-margin-top-large:0px;--awb-spacing-right-large:1.92%;--awb-margin-bottom-large:0px;--awb-spacing-left-large:1.92%;--awb-width-medium:100%;--awb-spacing-right-medium:1.92%;--awb-spacing-left-medium:1.92%;--awb-width-small:100%;--awb-spacing-right-small:1.92%;--awb-spacing-left-small:1.92%;\"><div class=\"fusion-column-wrapper fusion-flex-justify-content-flex-start fusion-content-layout-column\"><div class=\"fusion-text fusion-text-1\"><p>From November 30<sup>th<\/sup> to December 3<sup>rd<\/sup>, at the Belgrade Fair, enthusiasts of good food and drinks will have the opportunity to indulge in a unique blend of tradition and authenticity at the seventeenth annual Fair of Ethnic Food and Drinks. This event presents a true delight for all senses, providing visitors the chance to discover the diversity of flavors and aromas offered by the rich culinary heritage of our region.<!--more--><\/p>\n<p>More than 300 producers of traditional food items will be presented, with small-scale producers mainly participating at collective stands organized by the Serbian Chamber of Commerce and its regional branches, the Cooperative Union of Serbia and Vojvodina, city administrations, and associations.<\/p>\n<p>Under the organization of the Serbian Chamber of Commerce, the participants will include producers from Leskovac, Po\u017earevac, Zaje\u010dar, Kraljevo, Kragujevac, Kru\u0161evac, U\u017eice, Valjevo, Pan\u010devo, Novi Sad, and Belgrade.<\/p>\n<p>Under the organization of local self-governments, the participants will include producers from Belgrade, Mladenovac, \u017dagubica, Ku\u010devo, Kikinda, Bogati\u0107, Babu\u0161nica, Zrenjanin, and Blace.<\/p>\n<p><strong>In addition, at this year&#8217;s Fair of Ethnic Food and Drinks, the Ministry of Agriculture, Forestry and Water Management, which is the patron of the event along with the city of Belgrade, will also be presented. <\/strong><\/p>\n<p><strong>The appearance of small-scale producers from underdeveloped municipalities at this year&#8217;s event is being arranged by the Office of the Minister without Portfolio, Novica Ton\u010dev, responsible for fostering development in these areas. <\/strong><\/p>\n<p><strong>Friend and partner of the event is the Serbian Chamber of Commerce.<\/strong><\/p>\n<\/div><div class=\"fusion-reading-box-container reading-box-container-1\" style=\"--awb-title-color:#3369a7;--awb-margin-top:0px;--awb-margin-bottom:30px;\"><div class=\"reading-box\" style=\"background-color:#f6f6f6;border-width:1px;border-color:#f6f6f6;border-top-width:3px;border-top-color:var(--primary_color);border-style:solid;\"><h2>SERVICE INFORMATION<\/h2><div class=\"reading-box-additional fusion-reading-box-additional\">\n<p>The fair will be open from Thursday, November 30<sup>th<\/sup>, until Sunday, December 3<sup>rd<\/sup>, from 10 am to 7 pm.<\/p>\n<p>The event will take place in Hall 2, with working hours from 10 am to 7 pm. Entry for business visitors is free upon completion and validation of the registration form.<\/p>\n<p>For other interested visitors, the price of a single ticket is 500 RSD, 300 RSD for group visits, and family tickets are 1,000 RSD. The parking fee is 150 RSD per hour.<\/p>\n<p>Journalists and media representatives can enter the event by presenting a valid press pass at the entrance to Hall 2 of the Belgrade Fair.<\/p>\n<\/div><div class=\"fusion-clearfix\"><\/div><\/div><svg style=\"opacity:0.7;\" xmlns=\"http:\/\/www.w3.org\/2000\/svg\" version=\"1.1\" width=\"100%\" viewBox=\"0 0 600 28\" preserveAspectRatio=\"none\"><g clip-path=\"url(#a)\"><mask id=\"b\" style=\"mask-type:luminance\" maskUnits=\"userSpaceOnUse\" x=\"0\" y=\"0\" width=\"600\" height=\"28\"><path d=\"M0 0h600v28H0V0Z\" fill=\"#fff\"\/><\/mask><g filter=\"url(#c)\" mask=\"url(#b)\"><path d=\"M16.439-18.667h567.123v30.8S438.961-8.4 300-8.4C161.04-8.4 16.438 12.133 16.438 12.133v-30.8Z\" fill=\"#000\"\/><\/g><\/g><defs><clipPath id=\"a\"><path fill=\"#fff\" d=\"M0 0h600v28H0z\"\/><\/clipPath><filter id=\"c\" x=\"5.438\" y=\"-29.667\" width=\"589.123\" height=\"52.8\" filterUnits=\"userSpaceOnUse\" color-interpolation-filters=\"sRGB\"><feFlood flood-opacity=\"0\" result=\"BackgroundImageFix\"\/><feBlend in=\"SourceGraphic\" in2=\"BackgroundImageFix\" result=\"shape\"\/><feGaussianBlur stdDeviation=\"5.5\" result=\"effect1_foregroundBlur_3983_183\"\/><\/filter><\/defs><\/svg><\/div><div class=\"fusion-text fusion-text-2\"><p>Goal of the Fair has been clear and defined for years, to ESTABLISH A BRAND OF ETHNIC PRODUCTS.<\/p>\n<p>The international aspect of the event will be evident through participants from the Republic of Srpska, Bosnia and Herzegovina, Montenegro and Greece.<\/p>\n<p>The fair is designed to be a space where producers, culinary experts and true food enthusiasts gather. Visitors will explore a wide range of traditional dishes, authentic delicacies and refined beverages. At the same time, lectures will be held on the importance of preserving and promoting local culinary heritage.<\/p>\n<p>This event revives the flavors of old recipes and traditional food preparation techniques in an atmosphere that celebrates the diversity and authenticity of our gastronomic legacy.<\/p>\n<\/div><\/div><\/div><\/div><\/div>\n","protected":false},"excerpt":{"rendered":"<p>From November 30th to December 3rd, at the Belgrade Fair, enthusiasts of good food and drinks will have the opportunity to indulge in a unique blend of tradition and authenticity at the seventeenth annual Fair of Ethnic Food and Drinks. This event presents a true delight for all senses, providing visitors the chance to discover the diversity of flavors and<\/p>\n","protected":false},"author":1,"featured_media":18181,"comment_status":"closed","ping_status":"closed","sticky":false,"template":"","format":"standard","meta":{"footnotes":""},"categories":[253],"tags":[],"class_list":["post-44748","post","type-post","status-publish","format-standard","has-post-thumbnail","hentry","category-ethnic-food-and-drinks"],"_links":{"self":[{"href":"https:\/\/sajam.rs\/en\/wp-json\/wp\/v2\/posts\/44748","targetHints":{"allow":["GET"]}}],"collection":[{"href":"https:\/\/sajam.rs\/en\/wp-json\/wp\/v2\/posts"}],"about":[{"href":"https:\/\/sajam.rs\/en\/wp-json\/wp\/v2\/types\/post"}],"author":[{"embeddable":true,"href":"https:\/\/sajam.rs\/en\/wp-json\/wp\/v2\/users\/1"}],"replies":[{"embeddable":true,"href":"https:\/\/sajam.rs\/en\/wp-json\/wp\/v2\/comments?post=44748"}],"version-history":[{"count":2,"href":"https:\/\/sajam.rs\/en\/wp-json\/wp\/v2\/posts\/44748\/revisions"}],"predecessor-version":[{"id":44750,"href":"https:\/\/sajam.rs\/en\/wp-json\/wp\/v2\/posts\/44748\/revisions\/44750"}],"wp:featuredmedia":[{"embeddable":true,"href":"https:\/\/sajam.rs\/en\/wp-json\/wp\/v2\/media\/18181"}],"wp:attachment":[{"href":"https:\/\/sajam.rs\/en\/wp-json\/wp\/v2\/media?parent=44748"}],"wp:term":[{"taxonomy":"category","embeddable":true,"href":"https:\/\/sajam.rs\/en\/wp-json\/wp\/v2\/categories?post=44748"},{"taxonomy":"post_tag","embeddable":true,"href":"https:\/\/sajam.rs\/en\/wp-json\/wp\/v2\/tags?post=44748"}],"curies":[{"name":"wp","href":"https:\/\/api.w.org\/{rel}","templated":true}]}}