{"id":44208,"date":"2023-09-08T17:42:37","date_gmt":"2023-09-08T15:42:37","guid":{"rendered":"https:\/\/sajam.rs\/?p=44208"},"modified":"2023-10-31T15:41:39","modified_gmt":"2023-10-31T13:41:39","slug":"happy-86th-birthday-to-the-belgrade-fair","status":"publish","type":"post","link":"https:\/\/sajam.rs\/en\/happy-86th-birthday-to-the-belgrade-fair\/","title":{"rendered":"Happy 86th birthday to the Belgrade Fair!"},"content":{"rendered":"<div class=\"fusion-fullwidth fullwidth-box fusion-builder-row-1 fusion-flex-container nonhundred-percent-fullwidth non-hundred-percent-height-scrolling\" style=\"--awb-border-radius-top-left:0px;--awb-border-radius-top-right:0px;--awb-border-radius-bottom-right:0px;--awb-border-radius-bottom-left:0px;--awb-flex-wrap:wrap;\" ><div class=\"fusion-builder-row fusion-row fusion-flex-align-items-flex-start fusion-flex-content-wrap\" style=\"max-width:1456px;margin-left: calc(-4% \/ 2 );margin-right: calc(-4% \/ 2 );\"><div class=\"fusion-layout-column fusion_builder_column fusion-builder-column-0 fusion_builder_column_1_1 1_1 fusion-flex-column\" style=\"--awb-bg-size:cover;--awb-width-large:100%;--awb-margin-top-large:0px;--awb-spacing-right-large:1.92%;--awb-margin-bottom-large:0px;--awb-spacing-left-large:1.92%;--awb-width-medium:100%;--awb-spacing-right-medium:1.92%;--awb-spacing-left-medium:1.92%;--awb-width-small:100%;--awb-spacing-right-small:1.92%;--awb-spacing-left-small:1.92%;\"><div class=\"fusion-column-wrapper fusion-flex-justify-content-flex-start fusion-content-layout-column\"><div class=\"fusion-image-element \" style=\"text-align:center;--awb-caption-title-font-family:var(--h2_typography-font-family);--awb-caption-title-font-weight:var(--h2_typography-font-weight);--awb-caption-title-font-style:var(--h2_typography-font-style);--awb-caption-title-size:var(--h2_typography-font-size);--awb-caption-title-transform:var(--h2_typography-text-transform);--awb-caption-title-line-height:var(--h2_typography-line-height);--awb-caption-title-letter-spacing:var(--h2_typography-letter-spacing);\"><span class=\" fusion-imageframe imageframe-none imageframe-1 hover-type-none\"><a href=\"https:\/\/sajam.rs\/wp-content\/uploads\/stari_sajam_01.jpg\" class=\"fusion-lightbox\" data-rel=\"iLightbox[rodjendan2023en]\" data-caption=\"Sajam nekada\" data-title=\"stari_sajam_01\" title=\"stari_sajam_01\"><img decoding=\"async\" width=\"1100\" height=\"815\" alt=\"Sajam nekada\" src=\"https:\/\/sajam.rs\/wp-content\/uploads\/stari_sajam_01.jpg\" data-orig-src=\"https:\/\/sajam.rs\/wp-content\/uploads\/stari_sajam_01.jpg\" class=\"lazyload img-responsive wp-image-26756\" srcset=\"data:image\/svg+xml,%3Csvg%20xmlns%3D%27http%3A%2F%2Fwww.w3.org%2F2000%2Fsvg%27%20width%3D%271100%27%20height%3D%27815%27%20viewBox%3D%270%200%201100%20815%27%3E%3Crect%20width%3D%271100%27%20height%3D%27815%27%20fill-opacity%3D%220%22%2F%3E%3C%2Fsvg%3E\" data-srcset=\"https:\/\/sajam.rs\/wp-content\/uploads\/stari_sajam_01-200x148.jpg 200w, https:\/\/sajam.rs\/wp-content\/uploads\/stari_sajam_01-400x296.jpg 400w, https:\/\/sajam.rs\/wp-content\/uploads\/stari_sajam_01-600x445.jpg 600w, https:\/\/sajam.rs\/wp-content\/uploads\/stari_sajam_01-800x593.jpg 800w, https:\/\/sajam.rs\/wp-content\/uploads\/stari_sajam_01.jpg 1100w\" data-sizes=\"auto\" data-orig-sizes=\"(max-width: 1024px) 100vw, (max-width: 640px) 100vw, 1100px\" \/><\/a><\/span><\/div><div class=\"fusion-text fusion-text-1\"><p>Od 11. septembra 1937. godine do svog ovogodi\u0161njeg, 86. ro\u0111endana Beogradski sajam je fizi\u010dki preplivao samo Savu, ali je istorijski, su\u0161tinski, nemerljivom snagom brenda i globalnog autoriteta mnogo puta premre\u017eio planetu, dotakao svaki njen kutak, ugostio svakog gosta, primao i oda\u0161iljao energiju koja je uvek \u010dinila bolje, \u017eivot i op\u0161tu korist.<!--more--><\/p>\n<p>Za to vreme Beogradski sajam je bio ugra\u0111en u privredne temelje \u010dak sedam dr\u017eava i politi\u010dkih sistema, opslu\u017eio preko 520 hiljada izlaga\u010da iz 180 dr\u017eava, ugostio 65 miliona posetilaca, organizovao oko 3.500 sajamskih manifestacija razli\u010ditih profila i formata, koji su u proseku privla\u010dili po dvadesetak hiljada ljudi.<\/p>\n<p>Ve\u0107 od prve sajamske manifestacije, odr\u017eane na dana\u0161njem Starom sajmi\u0161tu, koja je predstavljala fenomen u evropskim okvirima i bila izvanredno prihva\u0107ena i pose\u0107ena, \u010dak i predmet zavisti tada\u0161njih velikih evropskih sajamskih industrija, Beogradski sajam je \u0161irio infrastrukturu, kontinuirano radio na unapre\u0111ivanju usluga, pomerao standarde obele\u017eavaju\u0107i ceo jedan vek spajanjem srpske privrede sa svetom i promocijom raznovrsnih civilizacijskih dostignu\u0107a na srpskom tr\u017ei\u0161tu, u privredi i dru\u0161tvu u celini.<\/p>\n<\/div><div class=\"fusion-image-element \" style=\"text-align:center;--awb-caption-title-font-family:var(--h2_typography-font-family);--awb-caption-title-font-weight:var(--h2_typography-font-weight);--awb-caption-title-font-style:var(--h2_typography-font-style);--awb-caption-title-size:var(--h2_typography-font-size);--awb-caption-title-transform:var(--h2_typography-text-transform);--awb-caption-title-line-height:var(--h2_typography-line-height);--awb-caption-title-letter-spacing:var(--h2_typography-letter-spacing);\"><span class=\" fusion-imageframe imageframe-none imageframe-2 hover-type-none\"><a href=\"https:\/\/sajam.rs\/wp-content\/uploads\/panorama_0186a.jpg\" class=\"fusion-lightbox\" data-rel=\"iLightbox[rodjendan2023en]\" data-caption=\"Beogradski sajam\" data-title=\"panorama_0186a\" title=\"panorama_0186a\"><img decoding=\"async\" width=\"1280\" height=\"853\" src=\"https:\/\/sajam.rs\/wp-content\/uploads\/panorama_0186a.jpg\" data-orig-src=\"https:\/\/sajam.rs\/wp-content\/uploads\/panorama_0186a.jpg\" alt class=\"lazyload img-responsive wp-image-43394\" srcset=\"data:image\/svg+xml,%3Csvg%20xmlns%3D%27http%3A%2F%2Fwww.w3.org%2F2000%2Fsvg%27%20width%3D%271280%27%20height%3D%27853%27%20viewBox%3D%270%200%201280%20853%27%3E%3Crect%20width%3D%271280%27%20height%3D%27853%27%20fill-opacity%3D%220%22%2F%3E%3C%2Fsvg%3E\" data-srcset=\"https:\/\/sajam.rs\/wp-content\/uploads\/panorama_0186a-200x133.jpg 200w, https:\/\/sajam.rs\/wp-content\/uploads\/panorama_0186a-400x267.jpg 400w, https:\/\/sajam.rs\/wp-content\/uploads\/panorama_0186a-600x400.jpg 600w, https:\/\/sajam.rs\/wp-content\/uploads\/panorama_0186a-800x533.jpg 800w, https:\/\/sajam.rs\/wp-content\/uploads\/panorama_0186a-1200x800.jpg 1200w, https:\/\/sajam.rs\/wp-content\/uploads\/panorama_0186a.jpg 1280w\" data-sizes=\"auto\" data-orig-sizes=\"(max-width: 1024px) 100vw, (max-width: 640px) 100vw, 1280px\" \/><\/a><\/span><\/div><div class=\"fusion-text fusion-text-2\"><p>Kao jedan od najprepoznatljivijih simbola Beograda i Srbije, kao centralno mesto okupljanja poslovnih ljudi, izlaga\u010da i posetilaca iz razli\u010ditih delova sveta i sa odgovorno\u0161\u0107u nosioca sajamske industrije u regionu, Beogradski sajam je bio i ostao nezaobilazno mesto za promociju i razvoj razli\u010ditih aspekata dru\u0161tva. Da bi na balkanskoj vetrometini ne samo opstao nego i bio lider u savladavanju prekretnica i brojnih prelomnih momenata, koji se u sajamskoj industriji pojavljuju iz razli\u010ditih razloga, uklju\u010duju\u0107i tehnolo\u0161ke inovacije, promene u pona\u0161anju potro\u0161a\u010da i izlaga\u010da ili globalne doga\u0111aje, Beogradski sajam je iz minuta u minut morao biti spreman na nove izazove i mogu\u0107nosti da bi njegov doprinos ekonomskom, kulturnom i dru\u0161tvenom napretku zemlje i regiona bio delotvoran. I bio je.<\/p>\n<p>Svedo\u010de\u0107i i bivaju\u0107i aktivan u\u010desnik u bujici istorijskih doga\u0111anja, po\u010dev\u0161i od samih za\u010detaka ozbiljnije industrijalizacije ove zemlje, pa do dana\u0161njih dana kada su promene svake vrste postale gotovo neuhvatljive i na globalnom planu, Beogradski sajam je pred vratima nove ere koja priznaje samo odva\u017ene, sposobne i spremne za neko novo vreme i nove okolnosti.<\/p>\n<p>Kao platforma za promociju privrede, na kojoj kompanije iz razli\u010ditih sektora imaju priliku da predstave svoje proizvode, usluge i inovacije, \u0161to doprinosi razvoju privrede i stvaranju poslovnih veza i unutar zemlje i sa inostranstvom; kao regionalni magnet za izlaga\u010de iz celog sveta, \u0161to doprinosi internacionalizaciji srpske privrede i stvaranju mogu\u0107nosti za izvoz doma\u0107ih proizvoda; kao svojevrsni edukator i inovator, koji svojim programima i izlo\u017ebama promovi\u0161e inovacije i obrazovanje u razli\u010ditim oblastima, kao \u0161to su tehnologija, zdravlje, poljoprivreda, medicina ili kultura; kao promotor i promoter malog i srednjeg preduzetni\u0161tva, \u010dime malim i srednjim preduze\u0107ima pru\u017ea priliku da se predstave \u0161iroj javnosti i steknu kontakte sa potencijalnim partnerima i investitorima, pa \u010dak i kao turisti\u010dka atrakcija koja privla\u010di posetioce iz razli\u010ditih delova sveta i zna\u010dajno doprinosi turisti\u010dkoj industriji grada i zemlje, Beogradski sajam i 86. ro\u0111endan obele\u017eava u znaku predvodnika na \u010dija ple\u0107a treba da se smesti budu\u0107nost ovda\u0161nje sajamske industrije, priznate i na globalnom planu.<\/p>\n<\/div><div class=\"fusion-image-element \" style=\"text-align:center;--awb-caption-title-font-family:var(--h2_typography-font-family);--awb-caption-title-font-weight:var(--h2_typography-font-weight);--awb-caption-title-font-style:var(--h2_typography-font-style);--awb-caption-title-size:var(--h2_typography-font-size);--awb-caption-title-transform:var(--h2_typography-text-transform);--awb-caption-title-line-height:var(--h2_typography-line-height);--awb-caption-title-letter-spacing:var(--h2_typography-letter-spacing);\"><span class=\" fusion-imageframe imageframe-none imageframe-3 hover-type-none\"><a href=\"https:\/\/sajam.rs\/wp-content\/uploads\/park_9225.jpg\" class=\"fusion-lightbox\" data-rel=\"iLightbox[rodjendan2023en]\" data-caption=\"Beogradski sajam\" data-title=\"park_9225\" title=\"park_9225\"><img decoding=\"async\" width=\"1280\" height=\"853\" src=\"https:\/\/sajam.rs\/wp-content\/uploads\/park_9225.jpg\" data-orig-src=\"https:\/\/sajam.rs\/wp-content\/uploads\/park_9225.jpg\" alt class=\"lazyload img-responsive wp-image-43397\" srcset=\"data:image\/svg+xml,%3Csvg%20xmlns%3D%27http%3A%2F%2Fwww.w3.org%2F2000%2Fsvg%27%20width%3D%271280%27%20height%3D%27853%27%20viewBox%3D%270%200%201280%20853%27%3E%3Crect%20width%3D%271280%27%20height%3D%27853%27%20fill-opacity%3D%220%22%2F%3E%3C%2Fsvg%3E\" data-srcset=\"https:\/\/sajam.rs\/wp-content\/uploads\/park_9225-200x133.jpg 200w, https:\/\/sajam.rs\/wp-content\/uploads\/park_9225-400x267.jpg 400w, https:\/\/sajam.rs\/wp-content\/uploads\/park_9225-600x400.jpg 600w, https:\/\/sajam.rs\/wp-content\/uploads\/park_9225-800x533.jpg 800w, https:\/\/sajam.rs\/wp-content\/uploads\/park_9225-1200x800.jpg 1200w, https:\/\/sajam.rs\/wp-content\/uploads\/park_9225.jpg 1280w\" data-sizes=\"auto\" data-orig-sizes=\"(max-width: 1024px) 100vw, (max-width: 640px) 100vw, 1280px\" \/><\/a><\/span><\/div><div class=\"fusion-text fusion-text-3\"><p>Pred novovremenim Beogradskim sajmom su izazovi koji sve vi\u0161e postaju tekovine civilizacije: digitalna transformacija, koja uklju\u010duje i virtuelne i hibridne modele sajmova, ekolo\u0161ka odr\u017eivost, personalizacija podataka o izlaga\u010dima i posetiocima, brojni novi sektori koji do\u017eivljavaju brz rast, globalizacija i internacionalizacija poslovanja, ve\u0107e anga\u017eovanje samih posetilaca itd. Sve to na svoj na\u010din radikalno oblikuje budu\u0107nost sajamske industrije, pa i Beogradskog sajma, \u010dine\u0107i ga dinami\u010dnijim i prilagodljivijim, kako bi zadovoljio potrebe izlaga\u010da i posetilaca u vremenima u kojima \u017eivimo.<\/p>\n<\/div><\/div><\/div><\/div><\/div>\n","protected":false},"excerpt":{"rendered":"<p>Od 11. septembra 1937. godine do svog ovogodi\u0161njeg, 86. ro\u0111endana Beogradski sajam je fizi\u010dki preplivao samo Savu, ali je istorijski, su\u0161tinski, nemerljivom snagom brenda i globalnog autoriteta mnogo puta premre\u017eio planetu, dotakao svaki njen kutak, ugostio svakog gosta, primao i oda\u0161iljao energiju koja je uvek \u010dinila bolje, \u017eivot i op\u0161tu korist.<\/p>\n","protected":false},"author":1,"featured_media":26762,"comment_status":"closed","ping_status":"closed","sticky":false,"template":"","format":"standard","meta":{"footnotes":""},"categories":[148],"tags":[],"class_list":["post-44208","post","type-post","status-publish","format-standard","has-post-thumbnail","hentry","category-news"],"_links":{"self":[{"href":"https:\/\/sajam.rs\/en\/wp-json\/wp\/v2\/posts\/44208","targetHints":{"allow":["GET"]}}],"collection":[{"href":"https:\/\/sajam.rs\/en\/wp-json\/wp\/v2\/posts"}],"about":[{"href":"https:\/\/sajam.rs\/en\/wp-json\/wp\/v2\/types\/post"}],"author":[{"embeddable":true,"href":"https:\/\/sajam.rs\/en\/wp-json\/wp\/v2\/users\/1"}],"replies":[{"embeddable":true,"href":"https:\/\/sajam.rs\/en\/wp-json\/wp\/v2\/comments?post=44208"}],"version-history":[{"count":4,"href":"https:\/\/sajam.rs\/en\/wp-json\/wp\/v2\/posts\/44208\/revisions"}],"predecessor-version":[{"id":44212,"href":"https:\/\/sajam.rs\/en\/wp-json\/wp\/v2\/posts\/44208\/revisions\/44212"}],"wp:featuredmedia":[{"embeddable":true,"href":"https:\/\/sajam.rs\/en\/wp-json\/wp\/v2\/media\/26762"}],"wp:attachment":[{"href":"https:\/\/sajam.rs\/en\/wp-json\/wp\/v2\/media?parent=44208"}],"wp:term":[{"taxonomy":"category","embeddable":true,"href":"https:\/\/sajam.rs\/en\/wp-json\/wp\/v2\/categories?post=44208"},{"taxonomy":"post_tag","embeddable":true,"href":"https:\/\/sajam.rs\/en\/wp-json\/wp\/v2\/tags?post=44208"}],"curies":[{"name":"wp","href":"https:\/\/api.w.org\/{rel}","templated":true}]}}