{"id":35436,"date":"2021-11-25T14:52:24","date_gmt":"2021-11-25T12:52:24","guid":{"rendered":"https:\/\/sajam.rs\/?p=35436"},"modified":"2021-11-26T15:28:32","modified_gmt":"2021-11-26T13:28:32","slug":"15th-ethno-food-drinks-fair-opened","status":"publish","type":"post","link":"https:\/\/sajam.rs\/en\/15th-ethno-food-drinks-fair-opened\/","title":{"rendered":"15<sup>th<\/sup> Ethno Food &#038; Drinks Fair Opened"},"content":{"rendered":"<div class=\"fusion-fullwidth fullwidth-box fusion-builder-row-1 fusion-flex-container nonhundred-percent-fullwidth non-hundred-percent-height-scrolling\" style=\"--awb-border-radius-top-left:0px;--awb-border-radius-top-right:0px;--awb-border-radius-bottom-right:0px;--awb-border-radius-bottom-left:0px;--awb-flex-wrap:wrap;\" ><div class=\"fusion-builder-row fusion-row fusion-flex-align-items-flex-start fusion-flex-content-wrap\" style=\"max-width:1456px;margin-left: calc(-4% \/ 2 );margin-right: calc(-4% \/ 2 );\"><div class=\"fusion-layout-column fusion_builder_column fusion-builder-column-0 fusion_builder_column_1_1 1_1 fusion-flex-column\" style=\"--awb-bg-size:cover;--awb-width-large:100%;--awb-margin-top-large:0px;--awb-spacing-right-large:1.92%;--awb-margin-bottom-large:0px;--awb-spacing-left-large:1.92%;--awb-width-medium:100%;--awb-spacing-right-medium:1.92%;--awb-spacing-left-medium:1.92%;--awb-width-small:100%;--awb-spacing-right-small:1.92%;--awb-spacing-left-small:1.92%;\"><div class=\"fusion-column-wrapper fusion-flex-justify-content-flex-start fusion-content-layout-column\"><div class=\"fusion-text fusion-text-1\" style=\"--awb-text-transform:none;\"><p>The 15<sup>th<\/sup> Ethno Food &amp; Drinks Fair was officially opened at the Belgrade Fair, in the Ethno Yard of Hall 3.<!--more--><\/p>\n<p>In a full hall of exhibitors and audience, after the opening toast, Andrej Mladenovic, assistant Mayor of Belgrade, addressed the audience. He stated that this year, more than 300 exhibitors were present, and that the event instills hope that we are all coming back to a normal life. He highlighted the specificity of this fair, the ethno theme and the uniqueness which we are witnessing for the 15<sup>th<\/sup> time. It is also very important to provide help for small producers and to give them an incentive, and that is primarily the role of regional chambers. The Ethno Food &amp; Drinks Fair is the crown and sublimation of that cooperation, Mladenovic stated.<\/p>\n<p>Then the audience was addressed by Milinko Velickovic, Secretary for the Economy of the City of Belgrade, stating that at the Belgrade stand more than 50 producers are exhibiting their products. Belgrade is a city with a large area of arable land and which absolutely uses that advantage. This year 200 million dinars was allocated from the city budget for projects from the area of agriculture, with a special accent on beekeeping, pomiculture and organic products.<\/p>\n<p>The Provincial Secretary for Economy and Tourism, Dr. Nenad Ivanisevic, highlighted that Vojvodina has set aside a large budget in order to help the economy and tourism, and that the Provincial Secretariat will continue to support and take part of the Ethno Food &amp; Drinks Fair.<\/p>\n<p>Velimir Stanojevic, Secretary of State in the Ministry of Agriculture, Forestry and Water Management \u2013 considers key, the endeavor that as many as possible small producers of food and drinks be present at an event such as this one. The Fair is the best opportunity for them to present themselves to the public and business partners and to make contacts with customers. The role of the Ministry is double, to participate in the promotion and branding of products with geographical origin and to encourage the segment of organic production, and what will take off in the future is the development of the processing sector.<\/p>\n<p>The Ethno Food &amp; Drinks Fair was officially opened by Novica Toncev, the Minister of Underdeveloped Areas of the Republic of Serbia. He highlighted the importance of progress of the underdeveloped municipalities, as well as their showcasing at the fair. He emphasized the characteristics of Serbia as a country of sincere hospitality and fantastic food and drinks, and highlighted the importance of preservation of authentic domestic cuisine in its original source. Ethno products are, according to the minister, like an ID of Serbia and the most beautiful message of our country.<\/p>\n<\/div><div class=\"awb-gallery-wrapper awb-gallery-wrapper-1 fusion-no-small-visibility fusion-no-medium-visibility button-span-no\"><div style=\"margin:0px;--awb-bordersize:0px;\" class=\"fusion-gallery fusion-gallery-container fusion-grid-5 fusion-columns-total-15 fusion-gallery-layout-masonry fusion-gallery-1\"><div class=\"fusion-grid-column fusion-gallery-column fusion-gallery-column-5 hover-type-zoomin fusion-grid-sizer\"><\/div><div style=\"padding:0px;\" class=\"fusion-grid-column fusion-gallery-column fusion-gallery-column-5 hover-type-zoomin fusion-element-grid\"><div class=\"fusion-gallery-image\"><a href=\"https:\/\/sajam.rs\/wp-content\/uploads\/etnohrana2021_8128.jpg\" data-caption=\"Novica Ton\u010dev, ministar za nedovoljno razvijena podru\u010dja Republike Srbije\" rel=\"noreferrer\" data-rel=\"iLightbox[gallery_image_1]\" class=\"fusion-lightbox\" target=\"_self\"><div style=\"padding-top:calc((100% + 0px) * 0.8 - 0px);background-position:;\" class=\"fusion-masonry-element-container lazyload\" data-bg=\"https:\/\/sajam.rs\/wp-content\/uploads\/etnohrana2021_8128.jpg\"><img decoding=\"async\" src=\"https:\/\/sajam.rs\/wp-content\/uploads\/etnohrana2021_8128.jpg\" width=\"1200\" height=\"800\" alt=\"\" title=\"etnohrana2021_8128\" aria-label=\"etnohrana2021_8128\" class=\"img-responsive wp-image-35300 fusion-gallery-image-size-fixed\" srcset=\"https:\/\/sajam.rs\/wp-content\/uploads\/etnohrana2021_8128-200x133.jpg 200w, https:\/\/sajam.rs\/wp-content\/uploads\/etnohrana2021_8128-400x267.jpg 400w, https:\/\/sajam.rs\/wp-content\/uploads\/etnohrana2021_8128-600x400.jpg 600w, https:\/\/sajam.rs\/wp-content\/uploads\/etnohrana2021_8128-800x533.jpg 800w, https:\/\/sajam.rs\/wp-content\/uploads\/etnohrana2021_8128.jpg 1200w\" sizes=\"(min-width: 2200px) 100vw, (min-width: 1007px) 280px, (min-width: 915px) 350px, (min-width: 824px) 467px, (min-width: 732px) 700px, (min-width: 640px) 732px, \" \/><\/div><\/a><\/div><\/div><div style=\"padding:0px;\" class=\"fusion-grid-column fusion-gallery-column fusion-gallery-column-5 hover-type-zoomin fusion-element-grid\"><div class=\"fusion-gallery-image\"><a href=\"https:\/\/sajam.rs\/wp-content\/uploads\/etnohrana2021_8105.jpg\" data-caption=\"Velimir Stanojevi\u0107, dr\u017eavni sekretar u Ministarstvu poljoprivrede, \u0161umarstva i vodoprivrede\" rel=\"noreferrer\" data-rel=\"iLightbox[gallery_image_1]\" class=\"fusion-lightbox\" target=\"_self\"><div style=\"padding-top:calc((100% + 0px) * 0.8 - 0px);background-position:;\" class=\"fusion-masonry-element-container lazyload\" data-bg=\"https:\/\/sajam.rs\/wp-content\/uploads\/etnohrana2021_8105.jpg\"><img decoding=\"async\" src=\"https:\/\/sajam.rs\/wp-content\/uploads\/etnohrana2021_8105.jpg\" width=\"1200\" height=\"800\" alt=\"\" title=\"etnohrana2021_8105\" aria-label=\"etnohrana2021_8105\" class=\"img-responsive wp-image-35297 fusion-gallery-image-size-fixed\" srcset=\"https:\/\/sajam.rs\/wp-content\/uploads\/etnohrana2021_8105-200x133.jpg 200w, https:\/\/sajam.rs\/wp-content\/uploads\/etnohrana2021_8105-400x267.jpg 400w, https:\/\/sajam.rs\/wp-content\/uploads\/etnohrana2021_8105-600x400.jpg 600w, https:\/\/sajam.rs\/wp-content\/uploads\/etnohrana2021_8105-800x533.jpg 800w, https:\/\/sajam.rs\/wp-content\/uploads\/etnohrana2021_8105.jpg 1200w\" sizes=\"(min-width: 2200px) 100vw, (min-width: 1007px) 280px, (min-width: 915px) 350px, (min-width: 824px) 467px, (min-width: 732px) 700px, (min-width: 640px) 732px, \" \/><\/div><\/a><\/div><\/div><div style=\"padding:0px;\" class=\"fusion-grid-column fusion-gallery-column fusion-gallery-column-5 hover-type-zoomin fusion-element-grid\"><div class=\"fusion-gallery-image\"><a href=\"https:\/\/sajam.rs\/wp-content\/uploads\/etnohrana2021_8093.jpg\" data-caption=\"dr Nenad Ivani\u0161evi\u0107\" rel=\"noreferrer\" data-rel=\"iLightbox[gallery_image_1]\" class=\"fusion-lightbox\" target=\"_self\"><div style=\"padding-top:calc((100% + 0px) * 0.8 - 0px);background-position:;\" class=\"fusion-masonry-element-container lazyload\" data-bg=\"https:\/\/sajam.rs\/wp-content\/uploads\/etnohrana2021_8093.jpg\"><img decoding=\"async\" src=\"https:\/\/sajam.rs\/wp-content\/uploads\/etnohrana2021_8093.jpg\" width=\"1200\" height=\"800\" alt=\"\" title=\"etnohrana2021_8093\" aria-label=\"etnohrana2021_8093\" class=\"img-responsive wp-image-35294 fusion-gallery-image-size-fixed\" srcset=\"https:\/\/sajam.rs\/wp-content\/uploads\/etnohrana2021_8093-200x133.jpg 200w, https:\/\/sajam.rs\/wp-content\/uploads\/etnohrana2021_8093-400x267.jpg 400w, https:\/\/sajam.rs\/wp-content\/uploads\/etnohrana2021_8093-600x400.jpg 600w, https:\/\/sajam.rs\/wp-content\/uploads\/etnohrana2021_8093-800x533.jpg 800w, https:\/\/sajam.rs\/wp-content\/uploads\/etnohrana2021_8093.jpg 1200w\" sizes=\"(min-width: 2200px) 100vw, (min-width: 1007px) 280px, (min-width: 915px) 350px, (min-width: 824px) 467px, (min-width: 732px) 700px, (min-width: 640px) 732px, \" \/><\/div><\/a><\/div><\/div><div style=\"padding:0px;\" class=\"fusion-grid-column fusion-gallery-column fusion-gallery-column-5 hover-type-zoomin fusion-element-grid\"><div class=\"fusion-gallery-image\"><a href=\"https:\/\/sajam.rs\/wp-content\/uploads\/etnohrana2021_8087.jpg\" data-caption=\"Milinko Veli\u010dkovi\u0107, sekretar za privredu grada Beograda\" rel=\"noreferrer\" data-rel=\"iLightbox[gallery_image_1]\" class=\"fusion-lightbox\" target=\"_self\"><div style=\"padding-top:calc((100% + 0px) * 0.8 - 0px);background-position:;\" class=\"fusion-masonry-element-container lazyload\" data-bg=\"https:\/\/sajam.rs\/wp-content\/uploads\/etnohrana2021_8087.jpg\"><img decoding=\"async\" src=\"https:\/\/sajam.rs\/wp-content\/uploads\/etnohrana2021_8087.jpg\" width=\"1200\" height=\"800\" alt=\"\" title=\"etnohrana2021_8087\" aria-label=\"etnohrana2021_8087\" class=\"img-responsive wp-image-35315 fusion-gallery-image-size-fixed\" srcset=\"https:\/\/sajam.rs\/wp-content\/uploads\/etnohrana2021_8087-200x133.jpg 200w, https:\/\/sajam.rs\/wp-content\/uploads\/etnohrana2021_8087-400x267.jpg 400w, https:\/\/sajam.rs\/wp-content\/uploads\/etnohrana2021_8087-600x400.jpg 600w, https:\/\/sajam.rs\/wp-content\/uploads\/etnohrana2021_8087-800x533.jpg 800w, https:\/\/sajam.rs\/wp-content\/uploads\/etnohrana2021_8087.jpg 1200w\" sizes=\"(min-width: 2200px) 100vw, (min-width: 1007px) 280px, (min-width: 915px) 350px, (min-width: 824px) 467px, (min-width: 732px) 700px, (min-width: 640px) 732px, \" \/><\/div><\/a><\/div><\/div><div style=\"padding:0px;\" class=\"fusion-grid-column fusion-gallery-column fusion-gallery-column-5 hover-type-zoomin fusion-element-grid\"><div class=\"fusion-gallery-image\"><a href=\"https:\/\/sajam.rs\/wp-content\/uploads\/etnohrana2021_8074.jpg\" data-caption=\"Andreja Mladenovi\u0107, pomo\u0107nik gradona\u010delnika Beograda\" rel=\"noreferrer\" data-rel=\"iLightbox[gallery_image_1]\" class=\"fusion-lightbox\" target=\"_self\"><div style=\"padding-top:calc((100% + 0px) * 0.8 - 0px);background-position:;\" class=\"fusion-masonry-element-container lazyload\" data-bg=\"https:\/\/sajam.rs\/wp-content\/uploads\/etnohrana2021_8074.jpg\"><img decoding=\"async\" src=\"https:\/\/sajam.rs\/wp-content\/uploads\/etnohrana2021_8074.jpg\" width=\"1200\" height=\"800\" alt=\"\" title=\"etnohrana2021_8074\" aria-label=\"etnohrana2021_8074\" class=\"img-responsive wp-image-35312 fusion-gallery-image-size-fixed\" srcset=\"https:\/\/sajam.rs\/wp-content\/uploads\/etnohrana2021_8074-200x133.jpg 200w, https:\/\/sajam.rs\/wp-content\/uploads\/etnohrana2021_8074-400x267.jpg 400w, https:\/\/sajam.rs\/wp-content\/uploads\/etnohrana2021_8074-600x400.jpg 600w, https:\/\/sajam.rs\/wp-content\/uploads\/etnohrana2021_8074-800x533.jpg 800w, https:\/\/sajam.rs\/wp-content\/uploads\/etnohrana2021_8074.jpg 1200w\" sizes=\"(min-width: 2200px) 100vw, (min-width: 1007px) 280px, (min-width: 915px) 350px, (min-width: 824px) 467px, (min-width: 732px) 700px, (min-width: 640px) 732px, \" \/><\/div><\/a><\/div><\/div><div style=\"padding:0px;\" class=\"fusion-grid-column fusion-gallery-column fusion-gallery-column-5 hover-type-zoomin fusion-element-landscape\"><div class=\"fusion-gallery-image\"><a href=\"https:\/\/sajam.rs\/wp-content\/uploads\/etnohrana2021_7961.jpg\" data-caption=\"Ethno Food and Drinks Fair\" rel=\"noreferrer\" data-rel=\"iLightbox[gallery_image_1]\" class=\"fusion-lightbox\" target=\"_self\"><div style=\"padding-top:calc((100% + 0px) * 0.4 - 0px);background-position:;\" class=\"fusion-masonry-element-container lazyload\" data-bg=\"https:\/\/sajam.rs\/wp-content\/uploads\/etnohrana2021_7961.jpg\"><img decoding=\"async\" src=\"https:\/\/sajam.rs\/wp-content\/uploads\/etnohrana2021_7961.jpg\" width=\"1200\" height=\"726\" alt=\"\" title=\"Ethno Food and Drinks Fair\" aria-label=\"Ethno Food and Drinks Fair\" class=\"img-responsive wp-image-35328 fusion-gallery-image-size-fixed\" srcset=\"https:\/\/sajam.rs\/wp-content\/uploads\/etnohrana2021_7961-200x121.jpg 200w, https:\/\/sajam.rs\/wp-content\/uploads\/etnohrana2021_7961-400x242.jpg 400w, https:\/\/sajam.rs\/wp-content\/uploads\/etnohrana2021_7961-600x363.jpg 600w, https:\/\/sajam.rs\/wp-content\/uploads\/etnohrana2021_7961-800x484.jpg 800w, https:\/\/sajam.rs\/wp-content\/uploads\/etnohrana2021_7961.jpg 1200w\" sizes=\"(min-width: 2200px) 100vw, (min-width: 732px) 700px, (min-width: 640px) 732px, \" \/><\/div><\/a><\/div><\/div><div style=\"padding:0px;\" class=\"fusion-grid-column fusion-gallery-column fusion-gallery-column-5 hover-type-zoomin fusion-element-landscape\"><div class=\"fusion-gallery-image\"><a href=\"https:\/\/sajam.rs\/wp-content\/uploads\/etnohrana2021_7969.jpg\" data-caption=\"Sajam etno hrane i pi\u0107a 2021.\" rel=\"noreferrer\" data-rel=\"iLightbox[gallery_image_1]\" class=\"fusion-lightbox\" target=\"_self\"><div style=\"padding-top:calc((100% + 0px) * 0.4 - 0px);background-position:;\" class=\"fusion-masonry-element-container lazyload\" data-bg=\"https:\/\/sajam.rs\/wp-content\/uploads\/etnohrana2021_7969.jpg\"><img decoding=\"async\" src=\"https:\/\/sajam.rs\/wp-content\/uploads\/etnohrana2021_7969.jpg\" width=\"1200\" height=\"563\" alt=\"\" title=\"etnohrana2021_7969\" aria-label=\"etnohrana2021_7969\" class=\"img-responsive wp-image-35331 fusion-gallery-image-size-fixed\" srcset=\"https:\/\/sajam.rs\/wp-content\/uploads\/etnohrana2021_7969-200x94.jpg 200w, https:\/\/sajam.rs\/wp-content\/uploads\/etnohrana2021_7969-400x188.jpg 400w, https:\/\/sajam.rs\/wp-content\/uploads\/etnohrana2021_7969-600x282.jpg 600w, https:\/\/sajam.rs\/wp-content\/uploads\/etnohrana2021_7969-800x375.jpg 800w, https:\/\/sajam.rs\/wp-content\/uploads\/etnohrana2021_7969.jpg 1200w\" sizes=\"(min-width: 2200px) 100vw, (min-width: 732px) 700px, (min-width: 640px) 732px, \" \/><\/div><\/a><\/div><\/div><div style=\"padding:0px;\" class=\"fusion-grid-column fusion-gallery-column fusion-gallery-column-5 hover-type-zoomin fusion-element-grid\"><div class=\"fusion-gallery-image\"><a href=\"https:\/\/sajam.rs\/wp-content\/uploads\/etnohrana2021_7975.jpg\" data-caption=\"Sajam etno hrane i pi\u0107a 2021.\" rel=\"noreferrer\" data-rel=\"iLightbox[gallery_image_1]\" class=\"fusion-lightbox\" target=\"_self\"><div style=\"padding-top:calc((100% + 0px) * 0.8 - 0px);background-position:;\" class=\"fusion-masonry-element-container lazyload\" data-bg=\"https:\/\/sajam.rs\/wp-content\/uploads\/etnohrana2021_7975.jpg\"><img decoding=\"async\" src=\"https:\/\/sajam.rs\/wp-content\/uploads\/etnohrana2021_7975.jpg\" width=\"1200\" height=\"889\" alt=\"\" title=\"etnohrana2021_7975\" aria-label=\"etnohrana2021_7975\" class=\"img-responsive wp-image-35334 fusion-gallery-image-size-fixed\" srcset=\"https:\/\/sajam.rs\/wp-content\/uploads\/etnohrana2021_7975-200x148.jpg 200w, https:\/\/sajam.rs\/wp-content\/uploads\/etnohrana2021_7975-400x296.jpg 400w, https:\/\/sajam.rs\/wp-content\/uploads\/etnohrana2021_7975-600x445.jpg 600w, https:\/\/sajam.rs\/wp-content\/uploads\/etnohrana2021_7975-800x593.jpg 800w, https:\/\/sajam.rs\/wp-content\/uploads\/etnohrana2021_7975.jpg 1200w\" sizes=\"(min-width: 2200px) 100vw, (min-width: 1007px) 280px, (min-width: 915px) 350px, (min-width: 824px) 467px, (min-width: 732px) 700px, (min-width: 640px) 732px, \" \/><\/div><\/a><\/div><\/div><div style=\"padding:0px;\" class=\"fusion-grid-column fusion-gallery-column fusion-gallery-column-5 hover-type-zoomin fusion-element-grid\"><div class=\"fusion-gallery-image\"><a href=\"https:\/\/sajam.rs\/wp-content\/uploads\/etnohrana2021_7982.jpg\" data-caption=\"Sajam etno hrane i pi\u0107a 2021.\" rel=\"noreferrer\" data-rel=\"iLightbox[gallery_image_1]\" class=\"fusion-lightbox\" target=\"_self\"><div style=\"padding-top:calc((100% + 0px) * 0.8 - 0px);background-position:;\" class=\"fusion-masonry-element-container lazyload\" data-bg=\"https:\/\/sajam.rs\/wp-content\/uploads\/etnohrana2021_7982.jpg\"><img decoding=\"async\" src=\"https:\/\/sajam.rs\/wp-content\/uploads\/etnohrana2021_7982.jpg\" width=\"1200\" height=\"800\" alt=\"\" title=\"etnohrana2021_7982\" aria-label=\"etnohrana2021_7982\" class=\"img-responsive wp-image-35340 fusion-gallery-image-size-fixed\" srcset=\"https:\/\/sajam.rs\/wp-content\/uploads\/etnohrana2021_7982-200x133.jpg 200w, https:\/\/sajam.rs\/wp-content\/uploads\/etnohrana2021_7982-400x267.jpg 400w, https:\/\/sajam.rs\/wp-content\/uploads\/etnohrana2021_7982-600x400.jpg 600w, https:\/\/sajam.rs\/wp-content\/uploads\/etnohrana2021_7982-800x533.jpg 800w, https:\/\/sajam.rs\/wp-content\/uploads\/etnohrana2021_7982.jpg 1200w\" sizes=\"(min-width: 2200px) 100vw, (min-width: 1007px) 280px, (min-width: 915px) 350px, (min-width: 824px) 467px, (min-width: 732px) 700px, (min-width: 640px) 732px, \" \/><\/div><\/a><\/div><\/div><div style=\"padding:0px;\" class=\"fusion-grid-column fusion-gallery-column fusion-gallery-column-5 hover-type-zoomin fusion-element-landscape\"><div class=\"fusion-gallery-image\"><a href=\"https:\/\/sajam.rs\/wp-content\/uploads\/etnohrana2021_7988.jpg\" data-caption=\"Sajam etno hrane i pi\u0107a 2021.\" rel=\"noreferrer\" data-rel=\"iLightbox[gallery_image_1]\" class=\"fusion-lightbox\" target=\"_self\"><div style=\"padding-top:calc((100% + 0px) * 0.4 - 0px);background-position:;\" class=\"fusion-masonry-element-container lazyload\" data-bg=\"https:\/\/sajam.rs\/wp-content\/uploads\/etnohrana2021_7988.jpg\"><img decoding=\"async\" src=\"https:\/\/sajam.rs\/wp-content\/uploads\/etnohrana2021_7988.jpg\" width=\"1200\" height=\"705\" alt=\"\" title=\"etnohrana2021_7988\" aria-label=\"etnohrana2021_7988\" class=\"img-responsive wp-image-35343 fusion-gallery-image-size-fixed\" srcset=\"https:\/\/sajam.rs\/wp-content\/uploads\/etnohrana2021_7988-200x118.jpg 200w, https:\/\/sajam.rs\/wp-content\/uploads\/etnohrana2021_7988-400x235.jpg 400w, https:\/\/sajam.rs\/wp-content\/uploads\/etnohrana2021_7988-600x353.jpg 600w, https:\/\/sajam.rs\/wp-content\/uploads\/etnohrana2021_7988-800x470.jpg 800w, https:\/\/sajam.rs\/wp-content\/uploads\/etnohrana2021_7988.jpg 1200w\" sizes=\"(min-width: 2200px) 100vw, (min-width: 732px) 700px, (min-width: 640px) 732px, \" \/><\/div><\/a><\/div><\/div><div style=\"padding:0px;\" class=\"fusion-grid-column fusion-gallery-column fusion-gallery-column-5 hover-type-zoomin fusion-element-landscape\"><div class=\"fusion-gallery-image\"><a href=\"https:\/\/sajam.rs\/wp-content\/uploads\/etnohrana2021_8014.jpg\" data-caption=\"Sajam etno hrane i pi\u0107a 2021.\" rel=\"noreferrer\" data-rel=\"iLightbox[gallery_image_1]\" class=\"fusion-lightbox\" target=\"_self\"><div style=\"padding-top:calc((100% + 0px) * 0.4 - 0px);background-position:;\" class=\"fusion-masonry-element-container lazyload\" data-bg=\"https:\/\/sajam.rs\/wp-content\/uploads\/etnohrana2021_8014.jpg\"><img decoding=\"async\" src=\"https:\/\/sajam.rs\/wp-content\/uploads\/etnohrana2021_8014.jpg\" width=\"1200\" height=\"589\" alt=\"\" title=\"etnohrana2021_8014\" aria-label=\"etnohrana2021_8014\" class=\"img-responsive wp-image-35349 fusion-gallery-image-size-fixed\" srcset=\"https:\/\/sajam.rs\/wp-content\/uploads\/etnohrana2021_8014-200x98.jpg 200w, https:\/\/sajam.rs\/wp-content\/uploads\/etnohrana2021_8014-400x196.jpg 400w, https:\/\/sajam.rs\/wp-content\/uploads\/etnohrana2021_8014-600x295.jpg 600w, https:\/\/sajam.rs\/wp-content\/uploads\/etnohrana2021_8014-800x393.jpg 800w, https:\/\/sajam.rs\/wp-content\/uploads\/etnohrana2021_8014.jpg 1200w\" sizes=\"(min-width: 2200px) 100vw, (min-width: 732px) 700px, (min-width: 640px) 732px, \" \/><\/div><\/a><\/div><\/div><div style=\"padding:0px;\" class=\"fusion-grid-column fusion-gallery-column fusion-gallery-column-5 hover-type-zoomin fusion-element-grid\"><div class=\"fusion-gallery-image\"><a href=\"https:\/\/sajam.rs\/wp-content\/uploads\/etnohrana2021_8034.jpg\" data-caption=\"Sajam etno hrane i pi\u0107a 2021.\" rel=\"noreferrer\" data-rel=\"iLightbox[gallery_image_1]\" class=\"fusion-lightbox\" target=\"_self\"><div style=\"padding-top:calc((100% + 0px) * 0.8 - 0px);background-position:;\" class=\"fusion-masonry-element-container lazyload\" data-bg=\"https:\/\/sajam.rs\/wp-content\/uploads\/etnohrana2021_8034.jpg\"><img decoding=\"async\" src=\"https:\/\/sajam.rs\/wp-content\/uploads\/etnohrana2021_8034.jpg\" width=\"1200\" height=\"800\" alt=\"\" title=\"etnohrana2021_8034\" aria-label=\"etnohrana2021_8034\" class=\"img-responsive wp-image-35352 fusion-gallery-image-size-fixed\" srcset=\"https:\/\/sajam.rs\/wp-content\/uploads\/etnohrana2021_8034-200x133.jpg 200w, https:\/\/sajam.rs\/wp-content\/uploads\/etnohrana2021_8034-400x267.jpg 400w, https:\/\/sajam.rs\/wp-content\/uploads\/etnohrana2021_8034-600x400.jpg 600w, https:\/\/sajam.rs\/wp-content\/uploads\/etnohrana2021_8034-800x533.jpg 800w, https:\/\/sajam.rs\/wp-content\/uploads\/etnohrana2021_8034.jpg 1200w\" sizes=\"(min-width: 2200px) 100vw, (min-width: 1007px) 280px, (min-width: 915px) 350px, (min-width: 824px) 467px, (min-width: 732px) 700px, (min-width: 640px) 732px, \" \/><\/div><\/a><\/div><\/div><div style=\"padding:0px;\" class=\"fusion-grid-column fusion-gallery-column fusion-gallery-column-5 hover-type-zoomin fusion-element-grid\"><div class=\"fusion-gallery-image\"><a href=\"https:\/\/sajam.rs\/wp-content\/uploads\/etnohrana2021_8316.jpg\" data-caption=\"Sajam etno hrane i pi\u0107a 2021.\" rel=\"noreferrer\" data-rel=\"iLightbox[gallery_image_1]\" class=\"fusion-lightbox\" target=\"_self\"><div style=\"padding-top:calc((100% + 0px) * 0.8 - 0px);background-position:;\" class=\"fusion-masonry-element-container lazyload\" data-bg=\"https:\/\/sajam.rs\/wp-content\/uploads\/etnohrana2021_8316.jpg\"><img decoding=\"async\" src=\"https:\/\/sajam.rs\/wp-content\/uploads\/etnohrana2021_8316.jpg\" width=\"1200\" height=\"800\" alt=\"\" title=\"etnohrana2021_8316\" aria-label=\"etnohrana2021_8316\" class=\"img-responsive wp-image-35364 fusion-gallery-image-size-fixed\" srcset=\"https:\/\/sajam.rs\/wp-content\/uploads\/etnohrana2021_8316-200x133.jpg 200w, https:\/\/sajam.rs\/wp-content\/uploads\/etnohrana2021_8316-400x267.jpg 400w, https:\/\/sajam.rs\/wp-content\/uploads\/etnohrana2021_8316-600x400.jpg 600w, https:\/\/sajam.rs\/wp-content\/uploads\/etnohrana2021_8316-800x533.jpg 800w, https:\/\/sajam.rs\/wp-content\/uploads\/etnohrana2021_8316.jpg 1200w\" sizes=\"(min-width: 2200px) 100vw, (min-width: 1007px) 280px, (min-width: 915px) 350px, (min-width: 824px) 467px, (min-width: 732px) 700px, (min-width: 640px) 732px, \" \/><\/div><\/a><\/div><\/div><div style=\"padding:0px;\" class=\"fusion-grid-column fusion-gallery-column fusion-gallery-column-5 hover-type-zoomin fusion-element-grid\"><div class=\"fusion-gallery-image\"><a href=\"https:\/\/sajam.rs\/wp-content\/uploads\/etnohrana2021_8340.jpg\" data-caption=\"Sajam etno hrane i pi\u0107a 2021.\" rel=\"noreferrer\" data-rel=\"iLightbox[gallery_image_1]\" class=\"fusion-lightbox\" target=\"_self\"><div style=\"padding-top:calc((100% + 0px) * 0.8 - 0px);background-position:;\" class=\"fusion-masonry-element-container lazyload\" data-bg=\"https:\/\/sajam.rs\/wp-content\/uploads\/etnohrana2021_8340.jpg\"><img decoding=\"async\" src=\"https:\/\/sajam.rs\/wp-content\/uploads\/etnohrana2021_8340.jpg\" width=\"1200\" height=\"800\" alt=\"\" title=\"etnohrana2021_8340\" aria-label=\"etnohrana2021_8340\" class=\"img-responsive wp-image-35367 fusion-gallery-image-size-fixed\" srcset=\"https:\/\/sajam.rs\/wp-content\/uploads\/etnohrana2021_8340-200x133.jpg 200w, https:\/\/sajam.rs\/wp-content\/uploads\/etnohrana2021_8340-400x267.jpg 400w, https:\/\/sajam.rs\/wp-content\/uploads\/etnohrana2021_8340-600x400.jpg 600w, https:\/\/sajam.rs\/wp-content\/uploads\/etnohrana2021_8340-800x533.jpg 800w, https:\/\/sajam.rs\/wp-content\/uploads\/etnohrana2021_8340.jpg 1200w\" sizes=\"(min-width: 2200px) 100vw, (min-width: 1007px) 280px, (min-width: 915px) 350px, (min-width: 824px) 467px, (min-width: 732px) 700px, (min-width: 640px) 732px, \" \/><\/div><\/a><\/div><\/div><div style=\"padding:0px;\" class=\"fusion-grid-column fusion-gallery-column fusion-gallery-column-5 hover-type-zoomin fusion-element-grid\"><div class=\"fusion-gallery-image\"><a href=\"https:\/\/sajam.rs\/wp-content\/uploads\/etnohrana2021_8303.jpg\" data-caption=\"Sajam etno hrane i pi\u0107a 2021.\" rel=\"noreferrer\" data-rel=\"iLightbox[gallery_image_1]\" class=\"fusion-lightbox\" target=\"_self\"><div style=\"padding-top:calc((100% + 0px) * 0.8 - 0px);background-position:;\" class=\"fusion-masonry-element-container lazyload\" data-bg=\"https:\/\/sajam.rs\/wp-content\/uploads\/etnohrana2021_8303.jpg\"><img decoding=\"async\" src=\"https:\/\/sajam.rs\/wp-content\/uploads\/etnohrana2021_8303.jpg\" width=\"1200\" height=\"800\" alt=\"\" title=\"etnohrana2021_8303\" aria-label=\"etnohrana2021_8303\" class=\"img-responsive wp-image-35385 fusion-gallery-image-size-fixed\" srcset=\"https:\/\/sajam.rs\/wp-content\/uploads\/etnohrana2021_8303-200x133.jpg 200w, https:\/\/sajam.rs\/wp-content\/uploads\/etnohrana2021_8303-400x267.jpg 400w, https:\/\/sajam.rs\/wp-content\/uploads\/etnohrana2021_8303-600x400.jpg 600w, https:\/\/sajam.rs\/wp-content\/uploads\/etnohrana2021_8303-800x533.jpg 800w, https:\/\/sajam.rs\/wp-content\/uploads\/etnohrana2021_8303.jpg 1200w\" sizes=\"(min-width: 2200px) 100vw, (min-width: 1007px) 280px, (min-width: 915px) 350px, (min-width: 824px) 467px, (min-width: 732px) 700px, (min-width: 640px) 732px, \" \/><\/div><\/a><\/div><\/div><\/div><\/div><div class=\"fusion-image-carousel fusion-image-carousel-fixed fusion-image-carousel-1 fusion-no-large-visibility lightbox-enabled\"><div class=\"awb-carousel awb-swiper awb-swiper-carousel awb-carousel--carousel awb-swiper-dots-position-bottom\" data-layout=\"carousel\" data-autoplay=\"no\" data-autoplayspeed=\"2500\" data-autoplaypause=\"no\" data-loop=\"yes\" data-columns=\"3\" data-columnsmedium=\"1\" data-columnssmall=\"1\" data-itemmargin=\"8\" data-itemwidth=\"180\" data-touchscroll=\"no\" data-freemode=\"no\" data-imagesize=\"fixed\" data-scrollitems=\"0\" data-centeredslides=\"no\" data-rotationangle=\"50\" data-depth=\"100\" data-speed=\"500\" data-shadow=\"no\" data-pagination=\"bullets\" style=\"--awb-columns:3;--awb-column-spacing:8px;\"><div class=\"swiper-wrapper awb-image-carousel-wrapper fusion-flex-align-items-center\"><div class=\"swiper-slide\"><div class=\"fusion-carousel-item-wrapper\"><div class=\"fusion-image-wrapper hover-type-none\"><a data-rel=\"iLightbox[image_carousel_1]\" data-caption=\"Novica Ton\u010dev, ministar za nedovoljno razvijena podru\u010dja Republike Srbije\" data-title=\"etnohrana2021_8128\" aria-label=\"etnohrana2021_8128\" href=\"https:\/\/sajam.rs\/wp-content\/uploads\/etnohrana2021_8128.jpg\" target=\"_self\"><img decoding=\"async\" width=\"460\" height=\"295\" src=\"data:image\/svg+xml,%3Csvg%20xmlns%3D%27http%3A%2F%2Fwww.w3.org%2F2000%2Fsvg%27%20width%3D%271200%27%20height%3D%27800%27%20viewBox%3D%270%200%201200%20800%27%3E%3Crect%20width%3D%271200%27%20height%3D%27800%27%20fill-opacity%3D%220%22%2F%3E%3C%2Fsvg%3E\" data-orig-src=\"https:\/\/sajam.rs\/wp-content\/uploads\/etnohrana2021_8128-460x295.jpg\" class=\"lazyload attachment-portfolio-two size-portfolio-two\" alt=\"\" \/><\/a><\/div><\/div><\/div><div class=\"swiper-slide\"><div class=\"fusion-carousel-item-wrapper\"><div class=\"fusion-image-wrapper hover-type-none\"><a data-rel=\"iLightbox[image_carousel_1]\" data-caption=\"Velimir Stanojevi\u0107, dr\u017eavni sekretar u Ministarstvu poljoprivrede, \u0161umarstva i vodoprivrede\" data-title=\"etnohrana2021_8105\" aria-label=\"etnohrana2021_8105\" href=\"https:\/\/sajam.rs\/wp-content\/uploads\/etnohrana2021_8105.jpg\" target=\"_self\"><img decoding=\"async\" width=\"460\" height=\"295\" src=\"data:image\/svg+xml,%3Csvg%20xmlns%3D%27http%3A%2F%2Fwww.w3.org%2F2000%2Fsvg%27%20width%3D%271200%27%20height%3D%27800%27%20viewBox%3D%270%200%201200%20800%27%3E%3Crect%20width%3D%271200%27%20height%3D%27800%27%20fill-opacity%3D%220%22%2F%3E%3C%2Fsvg%3E\" data-orig-src=\"https:\/\/sajam.rs\/wp-content\/uploads\/etnohrana2021_8105-460x295.jpg\" class=\"lazyload attachment-portfolio-two size-portfolio-two\" alt=\"\" \/><\/a><\/div><\/div><\/div><div class=\"swiper-slide\"><div class=\"fusion-carousel-item-wrapper\"><div class=\"fusion-image-wrapper hover-type-none\"><a data-rel=\"iLightbox[image_carousel_1]\" data-caption=\"dr Nenad Ivani\u0161evi\u0107\" data-title=\"etnohrana2021_8093\" aria-label=\"etnohrana2021_8093\" href=\"https:\/\/sajam.rs\/wp-content\/uploads\/etnohrana2021_8093.jpg\" target=\"_self\"><img decoding=\"async\" width=\"460\" height=\"295\" src=\"data:image\/svg+xml,%3Csvg%20xmlns%3D%27http%3A%2F%2Fwww.w3.org%2F2000%2Fsvg%27%20width%3D%271200%27%20height%3D%27800%27%20viewBox%3D%270%200%201200%20800%27%3E%3Crect%20width%3D%271200%27%20height%3D%27800%27%20fill-opacity%3D%220%22%2F%3E%3C%2Fsvg%3E\" data-orig-src=\"https:\/\/sajam.rs\/wp-content\/uploads\/etnohrana2021_8093-460x295.jpg\" class=\"lazyload attachment-portfolio-two size-portfolio-two\" alt=\"\" \/><\/a><\/div><\/div><\/div><div class=\"swiper-slide\"><div class=\"fusion-carousel-item-wrapper\"><div class=\"fusion-image-wrapper hover-type-none\"><a data-rel=\"iLightbox[image_carousel_1]\" data-caption=\"Milinko Veli\u010dkovi\u0107, sekretar za privredu grada Beograda\" data-title=\"etnohrana2021_8087\" aria-label=\"etnohrana2021_8087\" href=\"https:\/\/sajam.rs\/wp-content\/uploads\/etnohrana2021_8087.jpg\" target=\"_self\"><img decoding=\"async\" width=\"460\" height=\"295\" src=\"data:image\/svg+xml,%3Csvg%20xmlns%3D%27http%3A%2F%2Fwww.w3.org%2F2000%2Fsvg%27%20width%3D%271200%27%20height%3D%27800%27%20viewBox%3D%270%200%201200%20800%27%3E%3Crect%20width%3D%271200%27%20height%3D%27800%27%20fill-opacity%3D%220%22%2F%3E%3C%2Fsvg%3E\" data-orig-src=\"https:\/\/sajam.rs\/wp-content\/uploads\/etnohrana2021_8087-460x295.jpg\" class=\"lazyload attachment-portfolio-two size-portfolio-two\" alt=\"\" \/><\/a><\/div><\/div><\/div><div class=\"swiper-slide\"><div class=\"fusion-carousel-item-wrapper\"><div class=\"fusion-image-wrapper hover-type-none\"><a data-rel=\"iLightbox[image_carousel_1]\" data-caption=\"Andreja Mladenovi\u0107, pomo\u0107nik gradona\u010delnika Beograda\" data-title=\"etnohrana2021_8074\" aria-label=\"etnohrana2021_8074\" href=\"https:\/\/sajam.rs\/wp-content\/uploads\/etnohrana2021_8074.jpg\" target=\"_self\"><img decoding=\"async\" width=\"460\" height=\"295\" src=\"data:image\/svg+xml,%3Csvg%20xmlns%3D%27http%3A%2F%2Fwww.w3.org%2F2000%2Fsvg%27%20width%3D%271200%27%20height%3D%27800%27%20viewBox%3D%270%200%201200%20800%27%3E%3Crect%20width%3D%271200%27%20height%3D%27800%27%20fill-opacity%3D%220%22%2F%3E%3C%2Fsvg%3E\" data-orig-src=\"https:\/\/sajam.rs\/wp-content\/uploads\/etnohrana2021_8074-460x295.jpg\" class=\"lazyload attachment-portfolio-two size-portfolio-two\" alt=\"\" \/><\/a><\/div><\/div><\/div><div class=\"swiper-slide\"><div class=\"fusion-carousel-item-wrapper\"><div class=\"fusion-image-wrapper hover-type-none\"><a data-rel=\"iLightbox[image_carousel_1]\" data-caption=\"Ethno Food and Drinks Fair\" data-title=\"Ethno Food and Drinks Fair\" aria-label=\"Ethno Food and Drinks Fair\" href=\"https:\/\/sajam.rs\/wp-content\/uploads\/etnohrana2021_7961.jpg\" target=\"_self\"><img decoding=\"async\" width=\"460\" height=\"295\" src=\"data:image\/svg+xml,%3Csvg%20xmlns%3D%27http%3A%2F%2Fwww.w3.org%2F2000%2Fsvg%27%20width%3D%271200%27%20height%3D%27726%27%20viewBox%3D%270%200%201200%20726%27%3E%3Crect%20width%3D%271200%27%20height%3D%27726%27%20fill-opacity%3D%220%22%2F%3E%3C%2Fsvg%3E\" data-orig-src=\"https:\/\/sajam.rs\/wp-content\/uploads\/etnohrana2021_7961-460x295.jpg\" class=\"lazyload attachment-portfolio-two size-portfolio-two\" alt=\"\" \/><\/a><\/div><\/div><\/div><div class=\"swiper-slide\"><div class=\"fusion-carousel-item-wrapper\"><div class=\"fusion-image-wrapper hover-type-none\"><a data-rel=\"iLightbox[image_carousel_1]\" data-caption=\"Sajam etno hrane i pi\u0107a 2021.\" data-title=\"etnohrana2021_7969\" aria-label=\"etnohrana2021_7969\" href=\"https:\/\/sajam.rs\/wp-content\/uploads\/etnohrana2021_7969.jpg\" target=\"_self\"><img decoding=\"async\" width=\"460\" height=\"295\" src=\"data:image\/svg+xml,%3Csvg%20xmlns%3D%27http%3A%2F%2Fwww.w3.org%2F2000%2Fsvg%27%20width%3D%271200%27%20height%3D%27563%27%20viewBox%3D%270%200%201200%20563%27%3E%3Crect%20width%3D%271200%27%20height%3D%27563%27%20fill-opacity%3D%220%22%2F%3E%3C%2Fsvg%3E\" data-orig-src=\"https:\/\/sajam.rs\/wp-content\/uploads\/etnohrana2021_7969-460x295.jpg\" class=\"lazyload attachment-portfolio-two size-portfolio-two\" alt=\"\" \/><\/a><\/div><\/div><\/div><div class=\"swiper-slide\"><div class=\"fusion-carousel-item-wrapper\"><div class=\"fusion-image-wrapper hover-type-none\"><a data-rel=\"iLightbox[image_carousel_1]\" data-caption=\"Sajam etno hrane i pi\u0107a 2021.\" data-title=\"etnohrana2021_7975\" aria-label=\"etnohrana2021_7975\" href=\"https:\/\/sajam.rs\/wp-content\/uploads\/etnohrana2021_7975.jpg\" target=\"_self\"><img decoding=\"async\" width=\"460\" height=\"295\" src=\"data:image\/svg+xml,%3Csvg%20xmlns%3D%27http%3A%2F%2Fwww.w3.org%2F2000%2Fsvg%27%20width%3D%271200%27%20height%3D%27889%27%20viewBox%3D%270%200%201200%20889%27%3E%3Crect%20width%3D%271200%27%20height%3D%27889%27%20fill-opacity%3D%220%22%2F%3E%3C%2Fsvg%3E\" data-orig-src=\"https:\/\/sajam.rs\/wp-content\/uploads\/etnohrana2021_7975-460x295.jpg\" class=\"lazyload attachment-portfolio-two size-portfolio-two\" alt=\"\" \/><\/a><\/div><\/div><\/div><div class=\"swiper-slide\"><div class=\"fusion-carousel-item-wrapper\"><div class=\"fusion-image-wrapper hover-type-none\"><a data-rel=\"iLightbox[image_carousel_1]\" data-caption=\"Sajam etno hrane i pi\u0107a 2021.\" data-title=\"etnohrana2021_7982\" aria-label=\"etnohrana2021_7982\" href=\"https:\/\/sajam.rs\/wp-content\/uploads\/etnohrana2021_7982.jpg\" target=\"_self\"><img decoding=\"async\" width=\"460\" height=\"295\" src=\"data:image\/svg+xml,%3Csvg%20xmlns%3D%27http%3A%2F%2Fwww.w3.org%2F2000%2Fsvg%27%20width%3D%271200%27%20height%3D%27800%27%20viewBox%3D%270%200%201200%20800%27%3E%3Crect%20width%3D%271200%27%20height%3D%27800%27%20fill-opacity%3D%220%22%2F%3E%3C%2Fsvg%3E\" data-orig-src=\"https:\/\/sajam.rs\/wp-content\/uploads\/etnohrana2021_7982-460x295.jpg\" class=\"lazyload attachment-portfolio-two size-portfolio-two\" alt=\"\" \/><\/a><\/div><\/div><\/div><div class=\"swiper-slide\"><div class=\"fusion-carousel-item-wrapper\"><div class=\"fusion-image-wrapper hover-type-none\"><a data-rel=\"iLightbox[image_carousel_1]\" data-caption=\"Sajam etno hrane i pi\u0107a 2021.\" data-title=\"etnohrana2021_7988\" aria-label=\"etnohrana2021_7988\" href=\"https:\/\/sajam.rs\/wp-content\/uploads\/etnohrana2021_7988.jpg\" target=\"_self\"><img decoding=\"async\" width=\"460\" height=\"295\" src=\"data:image\/svg+xml,%3Csvg%20xmlns%3D%27http%3A%2F%2Fwww.w3.org%2F2000%2Fsvg%27%20width%3D%271200%27%20height%3D%27705%27%20viewBox%3D%270%200%201200%20705%27%3E%3Crect%20width%3D%271200%27%20height%3D%27705%27%20fill-opacity%3D%220%22%2F%3E%3C%2Fsvg%3E\" data-orig-src=\"https:\/\/sajam.rs\/wp-content\/uploads\/etnohrana2021_7988-460x295.jpg\" class=\"lazyload attachment-portfolio-two size-portfolio-two\" alt=\"\" \/><\/a><\/div><\/div><\/div><div class=\"swiper-slide\"><div class=\"fusion-carousel-item-wrapper\"><div class=\"fusion-image-wrapper hover-type-none\"><a data-rel=\"iLightbox[image_carousel_1]\" data-caption=\"Sajam etno hrane i pi\u0107a 2021.\" data-title=\"etnohrana2021_8014\" aria-label=\"etnohrana2021_8014\" href=\"https:\/\/sajam.rs\/wp-content\/uploads\/etnohrana2021_8014.jpg\" target=\"_self\"><img decoding=\"async\" width=\"460\" height=\"295\" src=\"data:image\/svg+xml,%3Csvg%20xmlns%3D%27http%3A%2F%2Fwww.w3.org%2F2000%2Fsvg%27%20width%3D%271200%27%20height%3D%27589%27%20viewBox%3D%270%200%201200%20589%27%3E%3Crect%20width%3D%271200%27%20height%3D%27589%27%20fill-opacity%3D%220%22%2F%3E%3C%2Fsvg%3E\" data-orig-src=\"https:\/\/sajam.rs\/wp-content\/uploads\/etnohrana2021_8014-460x295.jpg\" class=\"lazyload attachment-portfolio-two size-portfolio-two\" alt=\"\" \/><\/a><\/div><\/div><\/div><div class=\"swiper-slide\"><div class=\"fusion-carousel-item-wrapper\"><div class=\"fusion-image-wrapper hover-type-none\"><a data-rel=\"iLightbox[image_carousel_1]\" data-caption=\"Sajam etno hrane i pi\u0107a 2021.\" data-title=\"etnohrana2021_8034\" aria-label=\"etnohrana2021_8034\" href=\"https:\/\/sajam.rs\/wp-content\/uploads\/etnohrana2021_8034.jpg\" target=\"_self\"><img decoding=\"async\" width=\"460\" height=\"295\" src=\"data:image\/svg+xml,%3Csvg%20xmlns%3D%27http%3A%2F%2Fwww.w3.org%2F2000%2Fsvg%27%20width%3D%271200%27%20height%3D%27800%27%20viewBox%3D%270%200%201200%20800%27%3E%3Crect%20width%3D%271200%27%20height%3D%27800%27%20fill-opacity%3D%220%22%2F%3E%3C%2Fsvg%3E\" data-orig-src=\"https:\/\/sajam.rs\/wp-content\/uploads\/etnohrana2021_8034-460x295.jpg\" class=\"lazyload attachment-portfolio-two size-portfolio-two\" alt=\"\" \/><\/a><\/div><\/div><\/div><div class=\"swiper-slide\"><div class=\"fusion-carousel-item-wrapper\"><div class=\"fusion-image-wrapper hover-type-none\"><a data-rel=\"iLightbox[image_carousel_1]\" data-caption=\"Sajam etno hrane i pi\u0107a 2021.\" data-title=\"etnohrana2021_8316\" aria-label=\"etnohrana2021_8316\" href=\"https:\/\/sajam.rs\/wp-content\/uploads\/etnohrana2021_8316.jpg\" target=\"_self\"><img decoding=\"async\" width=\"460\" height=\"295\" src=\"data:image\/svg+xml,%3Csvg%20xmlns%3D%27http%3A%2F%2Fwww.w3.org%2F2000%2Fsvg%27%20width%3D%271200%27%20height%3D%27800%27%20viewBox%3D%270%200%201200%20800%27%3E%3Crect%20width%3D%271200%27%20height%3D%27800%27%20fill-opacity%3D%220%22%2F%3E%3C%2Fsvg%3E\" data-orig-src=\"https:\/\/sajam.rs\/wp-content\/uploads\/etnohrana2021_8316-460x295.jpg\" class=\"lazyload attachment-portfolio-two size-portfolio-two\" alt=\"\" \/><\/a><\/div><\/div><\/div><div class=\"swiper-slide\"><div class=\"fusion-carousel-item-wrapper\"><div class=\"fusion-image-wrapper hover-type-none\"><a data-rel=\"iLightbox[image_carousel_1]\" data-caption=\"Sajam etno hrane i pi\u0107a 2021.\" data-title=\"etnohrana2021_8340\" aria-label=\"etnohrana2021_8340\" href=\"https:\/\/sajam.rs\/wp-content\/uploads\/etnohrana2021_8340.jpg\" target=\"_self\"><img decoding=\"async\" width=\"460\" height=\"295\" src=\"data:image\/svg+xml,%3Csvg%20xmlns%3D%27http%3A%2F%2Fwww.w3.org%2F2000%2Fsvg%27%20width%3D%271200%27%20height%3D%27800%27%20viewBox%3D%270%200%201200%20800%27%3E%3Crect%20width%3D%271200%27%20height%3D%27800%27%20fill-opacity%3D%220%22%2F%3E%3C%2Fsvg%3E\" data-orig-src=\"https:\/\/sajam.rs\/wp-content\/uploads\/etnohrana2021_8340-460x295.jpg\" class=\"lazyload attachment-portfolio-two size-portfolio-two\" alt=\"\" \/><\/a><\/div><\/div><\/div><div class=\"swiper-slide\"><div class=\"fusion-carousel-item-wrapper\"><div class=\"fusion-image-wrapper hover-type-none\"><a data-rel=\"iLightbox[image_carousel_1]\" data-caption=\"Sajam etno hrane i pi\u0107a 2021.\" data-title=\"etnohrana2021_8303\" aria-label=\"etnohrana2021_8303\" href=\"https:\/\/sajam.rs\/wp-content\/uploads\/etnohrana2021_8303.jpg\" target=\"_self\"><img decoding=\"async\" width=\"460\" height=\"295\" src=\"data:image\/svg+xml,%3Csvg%20xmlns%3D%27http%3A%2F%2Fwww.w3.org%2F2000%2Fsvg%27%20width%3D%271200%27%20height%3D%27800%27%20viewBox%3D%270%200%201200%20800%27%3E%3Crect%20width%3D%271200%27%20height%3D%27800%27%20fill-opacity%3D%220%22%2F%3E%3C%2Fsvg%3E\" data-orig-src=\"https:\/\/sajam.rs\/wp-content\/uploads\/etnohrana2021_8303-460x295.jpg\" class=\"lazyload attachment-portfolio-two size-portfolio-two\" alt=\"\" \/><\/a><\/div><\/div><\/div><\/div><div class=\"awb-swiper-button awb-swiper-button-prev\"><i class=\"awb-icon-angle-left\" aria-hidden=\"true\"><\/i><\/div><div class=\"awb-swiper-button awb-swiper-button-next\"><i class=\"awb-icon-angle-right\" aria-hidden=\"true\"><\/i><\/div><\/div><\/div><div class=\"fusion-text fusion-text-2\" style=\"--awb-text-transform:none;\"><h4>SERVICE INFORMATION<\/h4>\n<p>The fair will be open from Thursday the 25<sup>th<\/sup> of November ending on Sunday the 28<sup>th<\/sup> of November from 10am to 7pm.<\/p>\n<p>For business visitors the entry to the event is free, with a verified and completed application. For other interested citizens the price of a single ticket is 300 dinars, the price of a group ticket is 200 dinars. The parking is charged 150 dinars per hour.<\/p>\n<p><strong>The press and media representatives may enter the event with a valid pass which they will show upon entering Hall 3 of the Belgrade Fair.<\/strong><\/p>\n<p>The Belgrade fair will, in accordance with the epidemiological situation regarding COVID 19, undertake necessary measures for the protection of health of participants and visitors.<\/p>\n<p>The award ceremony will be held on Sunday, the 28<sup>th<\/sup> of November at 1pm, also in the Ethno yard.<\/p>\n<\/div><\/div><\/div><\/div><\/div>\n","protected":false},"excerpt":{"rendered":"<p>The 15th Ethno Food &amp; Drinks Fair was officially opened at the Belgrade Fair, in the Ethno Yard of Hall 3.<\/p>\n","protected":false},"author":1,"featured_media":35304,"comment_status":"closed","ping_status":"open","sticky":false,"template":"","format":"standard","meta":{"footnotes":""},"categories":[253],"tags":[],"class_list":["post-35436","post","type-post","status-publish","format-standard","has-post-thumbnail","hentry","category-ethnic-food-and-drinks"],"_links":{"self":[{"href":"https:\/\/sajam.rs\/en\/wp-json\/wp\/v2\/posts\/35436","targetHints":{"allow":["GET"]}}],"collection":[{"href":"https:\/\/sajam.rs\/en\/wp-json\/wp\/v2\/posts"}],"about":[{"href":"https:\/\/sajam.rs\/en\/wp-json\/wp\/v2\/types\/post"}],"author":[{"embeddable":true,"href":"https:\/\/sajam.rs\/en\/wp-json\/wp\/v2\/users\/1"}],"replies":[{"embeddable":true,"href":"https:\/\/sajam.rs\/en\/wp-json\/wp\/v2\/comments?post=35436"}],"version-history":[{"count":0,"href":"https:\/\/sajam.rs\/en\/wp-json\/wp\/v2\/posts\/35436\/revisions"}],"wp:featuredmedia":[{"embeddable":true,"href":"https:\/\/sajam.rs\/en\/wp-json\/wp\/v2\/media\/35304"}],"wp:attachment":[{"href":"https:\/\/sajam.rs\/en\/wp-json\/wp\/v2\/media?parent=35436"}],"wp:term":[{"taxonomy":"category","embeddable":true,"href":"https:\/\/sajam.rs\/en\/wp-json\/wp\/v2\/categories?post=35436"},{"taxonomy":"post_tag","embeddable":true,"href":"https:\/\/sajam.rs\/en\/wp-json\/wp\/v2\/tags?post=35436"}],"curies":[{"name":"wp","href":"https:\/\/api.w.org\/{rel}","templated":true}]}}