{"id":26991,"date":"2019-09-18T10:59:21","date_gmt":"2019-09-18T09:59:21","guid":{"rendered":"http:\/\/sajam.rs\/?p=26991"},"modified":"2019-09-19T10:53:24","modified_gmt":"2019-09-19T09:53:24","slug":"puc-public-lighting","status":"publish","type":"post","link":"https:\/\/sajam.rs\/en\/puc-public-lighting\/","title":{"rendered":"PUC &#8220;PUBLIC LIGHTING&#8221;"},"content":{"rendered":"<div class=\"fusion-image-element fusion-image-align-center in-legacy-container\" style=\"text-align:center;--awb-caption-title-font-family:var(--h2_typography-font-family);--awb-caption-title-font-weight:var(--h2_typography-font-weight);--awb-caption-title-font-style:var(--h2_typography-font-style);--awb-caption-title-size:var(--h2_typography-font-size);--awb-caption-title-transform:var(--h2_typography-text-transform);--awb-caption-title-line-height:var(--h2_typography-line-height);--awb-caption-title-letter-spacing:var(--h2_typography-letter-spacing);\"><div class=\"imageframe-align-center\"><span class=\" fusion-imageframe imageframe-none imageframe-1 hover-type-none\"><a href=\"https:\/\/sajam.rs\/wp-content\/uploads\/grafima2019_javno_osvetljenje_gazela.jpg\" class=\"fusion-lightbox\" data-rel=\"iLightbox[osvetljenje]\" data-title=\"PUC Public Lighting Belgrade &#8211; Gazela bridge\" title=\"PUC Public Lighting Belgrade &#8211; Gazela bridge\"><img decoding=\"async\" width=\"1200\" height=\"800\" alt=\"PUC Public Lighting Belgrade - Gazela bridge\" src=\"https:\/\/sajam.rs\/wp-content\/uploads\/grafima2019_javno_osvetljenje_gazela.jpg\" data-orig-src=\"https:\/\/sajam.rs\/wp-content\/uploads\/grafima2019_javno_osvetljenje_gazela.jpg\" class=\"lazyload img-responsive wp-image-26938\" srcset=\"data:image\/svg+xml,%3Csvg%20xmlns%3D%27http%3A%2F%2Fwww.w3.org%2F2000%2Fsvg%27%20width%3D%271200%27%20height%3D%27800%27%20viewBox%3D%270%200%201200%20800%27%3E%3Crect%20width%3D%271200%27%20height%3D%27800%27%20fill-opacity%3D%220%22%2F%3E%3C%2Fsvg%3E\" data-srcset=\"https:\/\/sajam.rs\/wp-content\/uploads\/grafima2019_javno_osvetljenje_gazela-200x133.jpg 200w, https:\/\/sajam.rs\/wp-content\/uploads\/grafima2019_javno_osvetljenje_gazela-400x267.jpg 400w, https:\/\/sajam.rs\/wp-content\/uploads\/grafima2019_javno_osvetljenje_gazela-600x400.jpg 600w, https:\/\/sajam.rs\/wp-content\/uploads\/grafima2019_javno_osvetljenje_gazela-800x533.jpg 800w, https:\/\/sajam.rs\/wp-content\/uploads\/grafima2019_javno_osvetljenje_gazela.jpg 1200w\" data-sizes=\"auto\" data-orig-sizes=\"(max-width: 800px) 100vw, 1200px\" \/><\/a><\/span><\/div><\/div>\n<p><a href=\"https:\/\/www.bg-osvetljenje.rs\/\">PUC &#8220;PUBLIC LIGHTING&#8221; BELGRADE<\/a> is a company founded by the city of Belgrade in order to provide public lighting as one of utility activities. This company, whose primary area of \u200b\u200bwork is installation of public lighting, is unique in the Republic of Serbia.<!--more--><\/p>\n<p>All activities of the company are directed towards the installation of urban, decorative and festive lighting by implementing state-of-the-art equipment, while respecting the principles of environmental protection and by improving energy efficiency. The intention is to create an environment that will improve the lives of fellow citizens and visitors of Belgrade and be one of the necessary components of a &#8220;smart&#8221; city.<\/p>\n<div class=\"fusion-image-element fusion-image-align-center in-legacy-container\" style=\"text-align:center;--awb-caption-title-font-family:var(--h2_typography-font-family);--awb-caption-title-font-weight:var(--h2_typography-font-weight);--awb-caption-title-font-style:var(--h2_typography-font-style);--awb-caption-title-size:var(--h2_typography-font-size);--awb-caption-title-transform:var(--h2_typography-text-transform);--awb-caption-title-line-height:var(--h2_typography-line-height);--awb-caption-title-letter-spacing:var(--h2_typography-letter-spacing);\"><div class=\"imageframe-align-center\"><span class=\" fusion-imageframe imageframe-none imageframe-2 hover-type-none\"><a href=\"https:\/\/sajam.rs\/wp-content\/uploads\/grafima2019_javno_osvetljenje_narodni_muzej.jpg\" class=\"fusion-lightbox\" data-rel=\"iLightbox[osvetljenje]\" data-title=\"PUC Public Lighting Belgrade &#8211; National Museum\" title=\"PUC Public Lighting Belgrade &#8211; National Museum\"><img decoding=\"async\" width=\"1200\" height=\"800\" alt=\"PUC Public Lighting Belgrade - National Museum\" src=\"https:\/\/sajam.rs\/wp-content\/uploads\/grafima2019_javno_osvetljenje_narodni_muzej.jpg\" data-orig-src=\"https:\/\/sajam.rs\/wp-content\/uploads\/grafima2019_javno_osvetljenje_narodni_muzej.jpg\" class=\"lazyload img-responsive wp-image-26944\" srcset=\"data:image\/svg+xml,%3Csvg%20xmlns%3D%27http%3A%2F%2Fwww.w3.org%2F2000%2Fsvg%27%20width%3D%271200%27%20height%3D%27800%27%20viewBox%3D%270%200%201200%20800%27%3E%3Crect%20width%3D%271200%27%20height%3D%27800%27%20fill-opacity%3D%220%22%2F%3E%3C%2Fsvg%3E\" data-srcset=\"https:\/\/sajam.rs\/wp-content\/uploads\/grafima2019_javno_osvetljenje_narodni_muzej-200x133.jpg 200w, https:\/\/sajam.rs\/wp-content\/uploads\/grafima2019_javno_osvetljenje_narodni_muzej-400x267.jpg 400w, https:\/\/sajam.rs\/wp-content\/uploads\/grafima2019_javno_osvetljenje_narodni_muzej-600x400.jpg 600w, https:\/\/sajam.rs\/wp-content\/uploads\/grafima2019_javno_osvetljenje_narodni_muzej-800x533.jpg 800w, https:\/\/sajam.rs\/wp-content\/uploads\/grafima2019_javno_osvetljenje_narodni_muzej.jpg 1200w\" data-sizes=\"auto\" data-orig-sizes=\"(max-width: 800px) 100vw, 1200px\" \/><\/a><\/span><\/div><\/div>\n<p>U tom smislu, omogu\u0107en je kontakt sa gra\u0111anima, koji svoja zapa\u017eanja o propustima u radu instalacije javnog osvetljenja mogu prijaviti putem sajta preduze\u0107a, elektronskom po\u0161tom ili telefonskim putem.<\/p>\n<p>Oslu\u0161kuju\u0107i turisti\u010dki potencijal grada Beograda, u \u017eelji da mnogobrojnim posetiocima omogu\u0107i jedinstveni do\u017eivljaj, grad Beograd i JKP \u201eJavno osvetljenje\u201c Beograd su u prethodnom periodu po\u010deli sa realizacijom projekata dekorativnog osvetljavanja mnogobrojnih lokaliteta, mostova, parkova, zdanja, a neki od njih su jo\u0161 uvek u toku. Jedan od takvih realizovanih projekata je i most Gazela, koji \u0107e biti predstavljen posetiocima sajma.<\/p>\n","protected":false},"excerpt":{"rendered":"<p>PUC &#8220;PUBLIC LIGHTING&#8221; BELGRADE is a company founded by the city of Belgrade in order to provide public lighting as one of utility activities. This company, whose primary area of \u200b\u200bwork is installation of public lighting, is unique in the Republic of Serbia.<\/p>\n","protected":false},"author":1,"featured_media":26941,"comment_status":"closed","ping_status":"open","sticky":false,"template":"","format":"standard","meta":{"footnotes":""},"categories":[249],"tags":[],"class_list":["post-26991","post","type-post","status-publish","format-standard","has-post-thumbnail","hentry","category-energgy-fair"],"_links":{"self":[{"href":"https:\/\/sajam.rs\/en\/wp-json\/wp\/v2\/posts\/26991","targetHints":{"allow":["GET"]}}],"collection":[{"href":"https:\/\/sajam.rs\/en\/wp-json\/wp\/v2\/posts"}],"about":[{"href":"https:\/\/sajam.rs\/en\/wp-json\/wp\/v2\/types\/post"}],"author":[{"embeddable":true,"href":"https:\/\/sajam.rs\/en\/wp-json\/wp\/v2\/users\/1"}],"replies":[{"embeddable":true,"href":"https:\/\/sajam.rs\/en\/wp-json\/wp\/v2\/comments?post=26991"}],"version-history":[{"count":0,"href":"https:\/\/sajam.rs\/en\/wp-json\/wp\/v2\/posts\/26991\/revisions"}],"wp:featuredmedia":[{"embeddable":true,"href":"https:\/\/sajam.rs\/en\/wp-json\/wp\/v2\/media\/26941"}],"wp:attachment":[{"href":"https:\/\/sajam.rs\/en\/wp-json\/wp\/v2\/media?parent=26991"}],"wp:term":[{"taxonomy":"category","embeddable":true,"href":"https:\/\/sajam.rs\/en\/wp-json\/wp\/v2\/categories?post=26991"},{"taxonomy":"post_tag","embeddable":true,"href":"https:\/\/sajam.rs\/en\/wp-json\/wp\/v2\/tags?post=26991"}],"curies":[{"name":"wp","href":"https:\/\/api.w.org\/{rel}","templated":true}]}}